{"id":998,"date":"2015-04-08T15:59:51","date_gmt":"2015-04-08T13:59:51","guid":{"rendered":"https:\/\/www.oreca-store.com\/blog\/reglementation-fixation-et-supports-de-sieges\/"},"modified":"2023-11-27T21:39:31","modified_gmt":"2023-11-27T20:39:31","slug":"reglementation-fixation-et-supports-de-sieges","status":"publish","type":"post","link":"https:\/\/www.oreca-store.com\/blog\/reglementations-cat\/reglementation-fixation-et-supports-de-sieges\/","title":{"rendered":"R\u00e9glementation fixations et supports de si\u00e8ges"},"content":{"rendered":"<p style=\"text-align: justify;\"><a href=\"https:\/\/www.oreca-store.com\/blog\/wp-content\/uploads\/2015\/04\/fixation-baquet.jpg\"><img loading=\"lazy\" decoding=\"async\" class=\"aligncenter size-medium wp-image-962\" src=\"https:\/\/www.oreca-store.com\/blog\/wp-content\/uploads\/2015\/04\/fixation-baquet-300x260.jpg\" alt=\"fixation-baquet\" width=\"300\" height=\"260\" \/><\/a>Si les fixations ou les supports d\u2019origine sont chang\u00e9s, les nouvelles pi\u00e8ces doivent soit \u00eatre approuv\u00e9es pour cette application par le constructeur de si\u00e8ges, soit \u00eatre conformes aux sp\u00e9cifications ci-dessous.<\/p>\n<p style=\"text-align: justify;\"><span style=\"color: #ff9900;\">1.<\/span> Ancrages pour fixation des supports de si\u00e8ges :<br \/> Les supports de si\u00e8ges doivent \u00eatre fix\u00e9s soit :<br \/> &#8211; Sur les ancrages pour fixation de si\u00e8ges utilis\u00e9s sur la voiture d\u2019origine.<br \/> &#8211; Sur les ancrages pour fixation de si\u00e8ges homologu\u00e9s par le constructeur en<br \/> Variante Option.<br \/> &#8211; Sur des ancrages pour fixation de si\u00e8ges conformes au dessin 235-65.<\/p>\n<p>Les supports de si\u00e8ges doivent \u00eatre fix\u00e9s aux ancrages pour fixation de si\u00e8ges avec au minimum 4 attaches par si\u00e8ge utilisant des boulons de 8 mm de diam\u00e8tre minimum.<\/p>\n<p><span style=\"color: #ff9900;\">2.<\/span> Fixations de supports de si\u00e8ges directement sur la coque\/ch\u00e2ssis.<\/p>\n<p style=\"text-align: justify;\"><span style=\"color: #ff9900;\">3.<\/span> Les fixations sur la coque\/ch\u00e2ssis doivent comporter au minimum 4 attaches par si\u00e8ge utilisant des boulons de 8 mm de diam\u00e8tre minimum avec contreplaques.<br \/> Les surfaces de contact minimales entre support, coque\/ch\u00e2ssis et contreplaque sont de 40 cm\u00b2 pour chaque point de fixation.<br \/> Si des rails pour le r\u00e9glage du si\u00e8ge sont utilis\u00e9s, ils doivent \u00eatre ceux fournis \u00e0 l\u2019origine avec la voiture homologu\u00e9e ou avec le si\u00e8ge.<\/p>\n<p style=\"text-align: justify;\"><span style=\"color: #ff9900;\">4.<\/span> La fixation entre le si\u00e8ge et les supports doit \u00eatre compos\u00e9e de 4 attaches, 2 \u00e0 l\u2019avant, 2 sur la partie arri\u00e8re du si\u00e8ge, utilisant des boulons d\u2019un diam\u00e8tre minimum de 8 mm et des renforts int\u00e9gr\u00e9s au si\u00e8ge.<\/p>\n<p><span style=\"color: #ff9900;\">5.<\/span> L\u2019\u00e9paisseur minimum des supports et des contreplaques est de 3 mm pour l\u2019acier et de 5 mm pour les mat\u00e9riaux en alliage l\u00e9ger.<br \/> La dimension longitudinale minimale de chaque support est de 6 cm.<\/p>\n<p><em>Source : Article 253 issu de l\u2019Annexe J FIA 2014, publi\u00e9 le 15\/04\/2014.<\/em><\/p>\n","protected":false},"excerpt":{"rendered":"<p>Si les fixations ou les supports d\u2019origine sont chang\u00e9s, les nouvelles pi\u00e8ces doivent soit \u00eatre approuv\u00e9es pour cette application par le constructeur de si\u00e8ges, soit \u00eatre conformes aux sp\u00e9cifications ci-dessous. 1. Ancrages pour fixation des supports de si\u00e8ges : Les supports de si\u00e8ges doivent \u00eatre fix\u00e9s soit : &#8211; Sur les ancrages pour fixation de [&hellip;]<\/p>\n","protected":false},"author":2,"featured_media":0,"comment_status":"open","ping_status":"open","sticky":false,"template":"","format":"standard","meta":{"_themeisle_gutenberg_block_has_review":false,"footnotes":""},"categories":[19,20,17],"tags":[],"class_list":["post-998","post","type-post","status-publish","format-standard","hentry","category-circuit","category-rallye","category-reglementations"],"acf":[],"yoast_head":"<!-- This site is optimized with the Yoast SEO Premium plugin v21.5 (Yoast SEO v21.5) - https:\/\/yoast.com\/wordpress\/plugins\/seo\/ -->\n<title>R\u00e9glementation fixation si\u00e8ge baquet - Blog Oreca-Store<\/title>\n<meta name=\"description\" content=\"R\u00e9glementations sue les fixations pour baquets de voiture de course afin d&#039;am\u00e9liorer la s\u00e9curit\u00e9. Sur le blog Oreca-Store !\" \/>\n<meta name=\"robots\" content=\"index, follow, max-snippet:-1, max-image-preview:large, max-video-preview:-1\" \/>\n<link rel=\"canonical\" href=\"https:\/\/www.oreca-store.com\/blog\/reglementations-cat\/reglementation-fixation-et-supports-de-sieges\/\" \/>\n<meta property=\"og:locale\" content=\"fr_FR\" \/>\n<meta property=\"og:type\" content=\"article\" \/>\n<meta property=\"og:title\" content=\"R\u00e9glementation fixation si\u00e8ge baquet - Blog Oreca-Store\" \/>\n<meta property=\"og:description\" content=\"R\u00e9glementations sue les fixations pour baquets de voiture de course afin d&#039;am\u00e9liorer la s\u00e9curit\u00e9. Sur le blog Oreca-Store !\" \/>\n<meta property=\"og:url\" content=\"https:\/\/www.oreca-store.com\/blog\/reglementations-cat\/reglementation-fixation-et-supports-de-sieges\/\" \/>\n<meta property=\"og:site_name\" content=\"Le Blog ORECA Store\" \/>\n<meta property=\"article:published_time\" content=\"2015-04-08T13:59:51+00:00\" \/>\n<meta property=\"article:modified_time\" content=\"2023-11-27T20:39:31+00:00\" \/>\n<meta property=\"og:image\" content=\"https:\/\/www.oreca-store.com\/blog\/wp-content\/uploads\/2015\/04\/fixation-baquet-300x260.jpg\" \/>\n<meta name=\"author\" content=\"egio\" \/>\n<meta name=\"twitter:label1\" content=\"\u00c9crit par\" \/>\n\t<meta name=\"twitter:data1\" content=\"egio\" \/>\n\t<meta name=\"twitter:label2\" content=\"Dur\u00e9e de lecture estim\u00e9e\" \/>\n\t<meta name=\"twitter:data2\" content=\"2 minutes\" \/>\n<script type=\"application\/ld+json\" class=\"yoast-schema-graph\">{\"@context\":\"https:\/\/schema.org\",\"@graph\":[{\"@type\":\"Article\",\"@id\":\"https:\/\/www.oreca-store.com\/blog\/reglementations-cat\/reglementation-fixation-et-supports-de-sieges\/#article\",\"isPartOf\":{\"@id\":\"https:\/\/www.oreca-store.com\/blog\/reglementations-cat\/reglementation-fixation-et-supports-de-sieges\/\"},\"author\":{\"name\":\"egio\",\"@id\":\"https:\/\/www.oreca-store.com\/blog\/#\/schema\/person\/b1a5d7a54f140ef90a2f13889c4d3a7e\"},\"headline\":\"R\u00e9glementation fixations et supports de si\u00e8ges\",\"datePublished\":\"2015-04-08T13:59:51+00:00\",\"dateModified\":\"2023-11-27T20:39:31+00:00\",\"mainEntityOfPage\":{\"@id\":\"https:\/\/www.oreca-store.com\/blog\/reglementations-cat\/reglementation-fixation-et-supports-de-sieges\/\"},\"wordCount\":317,\"commentCount\":0,\"publisher\":{\"@id\":\"https:\/\/www.oreca-store.com\/blog\/#organization\"},\"articleSection\":[\"Circuit\",\"Rallye\",\"R\u00e9glementation\"],\"inLanguage\":\"fr-FR\",\"potentialAction\":[{\"@type\":\"CommentAction\",\"name\":\"Comment\",\"target\":[\"https:\/\/www.oreca-store.com\/blog\/reglementations-cat\/reglementation-fixation-et-supports-de-sieges\/#respond\"]}]},{\"@type\":\"WebPage\",\"@id\":\"https:\/\/www.oreca-store.com\/blog\/reglementations-cat\/reglementation-fixation-et-supports-de-sieges\/\",\"url\":\"https:\/\/www.oreca-store.com\/blog\/reglementations-cat\/reglementation-fixation-et-supports-de-sieges\/\",\"name\":\"R\u00e9glementation fixation si\u00e8ge baquet - Blog Oreca-Store\",\"isPartOf\":{\"@id\":\"https:\/\/www.oreca-store.com\/blog\/#website\"},\"datePublished\":\"2015-04-08T13:59:51+00:00\",\"dateModified\":\"2023-11-27T20:39:31+00:00\",\"description\":\"R\u00e9glementations sue les fixations pour baquets de voiture de course afin d'am\u00e9liorer la s\u00e9curit\u00e9. Sur le blog Oreca-Store !\",\"inLanguage\":\"fr-FR\",\"potentialAction\":[{\"@type\":\"ReadAction\",\"target\":[\"https:\/\/www.oreca-store.com\/blog\/reglementations-cat\/reglementation-fixation-et-supports-de-sieges\/\"]}]},{\"@type\":\"WebSite\",\"@id\":\"https:\/\/www.oreca-store.com\/blog\/#website\",\"url\":\"https:\/\/www.oreca-store.com\/blog\/\",\"name\":\"Blog ORECA STORE\",\"description\":\"\",\"publisher\":{\"@id\":\"https:\/\/www.oreca-store.com\/blog\/#organization\"},\"potentialAction\":[{\"@type\":\"SearchAction\",\"target\":{\"@type\":\"EntryPoint\",\"urlTemplate\":\"https:\/\/www.oreca-store.com\/blog\/?s={search_term_string}\"},\"query-input\":\"required name=search_term_string\"}],\"inLanguage\":\"fr-FR\"},{\"@type\":\"Organization\",\"@id\":\"https:\/\/www.oreca-store.com\/blog\/#organization\",\"name\":\"ORECA Store\",\"url\":\"https:\/\/www.oreca-store.com\/blog\/\",\"logo\":{\"@type\":\"ImageObject\",\"inLanguage\":\"fr-FR\",\"@id\":\"https:\/\/www.oreca-store.com\/blog\/#\/schema\/logo\/image\/\",\"url\":\"https:\/\/www.oreca-store.com\/blog\/wp-content\/uploads\/2025\/12\/Logo_ORECA_Store_BLOG.png\",\"contentUrl\":\"https:\/\/www.oreca-store.com\/blog\/wp-content\/uploads\/2025\/12\/Logo_ORECA_Store_BLOG.png\",\"caption\":\"ORECA Store\"},\"image\":{\"@id\":\"https:\/\/www.oreca-store.com\/blog\/#\/schema\/logo\/image\/\"}},{\"@type\":\"Person\",\"@id\":\"https:\/\/www.oreca-store.com\/blog\/#\/schema\/person\/b1a5d7a54f140ef90a2f13889c4d3a7e\",\"name\":\"egio\",\"url\":\"https:\/\/www.oreca-store.com\/blog\/author\/egio\/\"}]}<\/script>\n<!-- \/ Yoast SEO Premium plugin. -->","yoast_head_json":{"title":"R\u00e9glementation fixation si\u00e8ge baquet - Blog Oreca-Store","description":"R\u00e9glementations sue les fixations pour baquets de voiture de course afin d'am\u00e9liorer la s\u00e9curit\u00e9. Sur le blog Oreca-Store !","robots":{"index":"index","follow":"follow","max-snippet":"max-snippet:-1","max-image-preview":"max-image-preview:large","max-video-preview":"max-video-preview:-1"},"canonical":"https:\/\/www.oreca-store.com\/blog\/reglementations-cat\/reglementation-fixation-et-supports-de-sieges\/","og_locale":"fr_FR","og_type":"article","og_title":"R\u00e9glementation fixation si\u00e8ge baquet - Blog Oreca-Store","og_description":"R\u00e9glementations sue les fixations pour baquets de voiture de course afin d'am\u00e9liorer la s\u00e9curit\u00e9. Sur le blog Oreca-Store !","og_url":"https:\/\/www.oreca-store.com\/blog\/reglementations-cat\/reglementation-fixation-et-supports-de-sieges\/","og_site_name":"Le Blog ORECA Store","article_published_time":"2015-04-08T13:59:51+00:00","article_modified_time":"2023-11-27T20:39:31+00:00","og_image":[{"url":"https:\/\/www.oreca-store.com\/blog\/wp-content\/uploads\/2015\/04\/fixation-baquet-300x260.jpg"}],"author":"egio","twitter_misc":{"\u00c9crit par":"egio","Dur\u00e9e de lecture estim\u00e9e":"2 minutes"},"schema":{"@context":"https:\/\/schema.org","@graph":[{"@type":"Article","@id":"https:\/\/www.oreca-store.com\/blog\/reglementations-cat\/reglementation-fixation-et-supports-de-sieges\/#article","isPartOf":{"@id":"https:\/\/www.oreca-store.com\/blog\/reglementations-cat\/reglementation-fixation-et-supports-de-sieges\/"},"author":{"name":"egio","@id":"https:\/\/www.oreca-store.com\/blog\/#\/schema\/person\/b1a5d7a54f140ef90a2f13889c4d3a7e"},"headline":"R\u00e9glementation fixations et supports de si\u00e8ges","datePublished":"2015-04-08T13:59:51+00:00","dateModified":"2023-11-27T20:39:31+00:00","mainEntityOfPage":{"@id":"https:\/\/www.oreca-store.com\/blog\/reglementations-cat\/reglementation-fixation-et-supports-de-sieges\/"},"wordCount":317,"commentCount":0,"publisher":{"@id":"https:\/\/www.oreca-store.com\/blog\/#organization"},"articleSection":["Circuit","Rallye","R\u00e9glementation"],"inLanguage":"fr-FR","potentialAction":[{"@type":"CommentAction","name":"Comment","target":["https:\/\/www.oreca-store.com\/blog\/reglementations-cat\/reglementation-fixation-et-supports-de-sieges\/#respond"]}]},{"@type":"WebPage","@id":"https:\/\/www.oreca-store.com\/blog\/reglementations-cat\/reglementation-fixation-et-supports-de-sieges\/","url":"https:\/\/www.oreca-store.com\/blog\/reglementations-cat\/reglementation-fixation-et-supports-de-sieges\/","name":"R\u00e9glementation fixation si\u00e8ge baquet - Blog Oreca-Store","isPartOf":{"@id":"https:\/\/www.oreca-store.com\/blog\/#website"},"datePublished":"2015-04-08T13:59:51+00:00","dateModified":"2023-11-27T20:39:31+00:00","description":"R\u00e9glementations sue les fixations pour baquets de voiture de course afin d'am\u00e9liorer la s\u00e9curit\u00e9. Sur le blog Oreca-Store !","inLanguage":"fr-FR","potentialAction":[{"@type":"ReadAction","target":["https:\/\/www.oreca-store.com\/blog\/reglementations-cat\/reglementation-fixation-et-supports-de-sieges\/"]}]},{"@type":"WebSite","@id":"https:\/\/www.oreca-store.com\/blog\/#website","url":"https:\/\/www.oreca-store.com\/blog\/","name":"Blog ORECA STORE","description":"","publisher":{"@id":"https:\/\/www.oreca-store.com\/blog\/#organization"},"potentialAction":[{"@type":"SearchAction","target":{"@type":"EntryPoint","urlTemplate":"https:\/\/www.oreca-store.com\/blog\/?s={search_term_string}"},"query-input":"required name=search_term_string"}],"inLanguage":"fr-FR"},{"@type":"Organization","@id":"https:\/\/www.oreca-store.com\/blog\/#organization","name":"ORECA Store","url":"https:\/\/www.oreca-store.com\/blog\/","logo":{"@type":"ImageObject","inLanguage":"fr-FR","@id":"https:\/\/www.oreca-store.com\/blog\/#\/schema\/logo\/image\/","url":"https:\/\/www.oreca-store.com\/blog\/wp-content\/uploads\/2025\/12\/Logo_ORECA_Store_BLOG.png","contentUrl":"https:\/\/www.oreca-store.com\/blog\/wp-content\/uploads\/2025\/12\/Logo_ORECA_Store_BLOG.png","caption":"ORECA Store"},"image":{"@id":"https:\/\/www.oreca-store.com\/blog\/#\/schema\/logo\/image\/"}},{"@type":"Person","@id":"https:\/\/www.oreca-store.com\/blog\/#\/schema\/person\/b1a5d7a54f140ef90a2f13889c4d3a7e","name":"egio","url":"https:\/\/www.oreca-store.com\/blog\/author\/egio\/"}]}},"_links":{"self":[{"href":"https:\/\/www.oreca-store.com\/blog\/wp-json\/wp\/v2\/posts\/998","targetHints":{"allow":["GET"]}}],"collection":[{"href":"https:\/\/www.oreca-store.com\/blog\/wp-json\/wp\/v2\/posts"}],"about":[{"href":"https:\/\/www.oreca-store.com\/blog\/wp-json\/wp\/v2\/types\/post"}],"author":[{"embeddable":true,"href":"https:\/\/www.oreca-store.com\/blog\/wp-json\/wp\/v2\/users\/2"}],"replies":[{"embeddable":true,"href":"https:\/\/www.oreca-store.com\/blog\/wp-json\/wp\/v2\/comments?post=998"}],"version-history":[{"count":1,"href":"https:\/\/www.oreca-store.com\/blog\/wp-json\/wp\/v2\/posts\/998\/revisions"}],"predecessor-version":[{"id":999,"href":"https:\/\/www.oreca-store.com\/blog\/wp-json\/wp\/v2\/posts\/998\/revisions\/999"}],"wp:attachment":[{"href":"https:\/\/www.oreca-store.com\/blog\/wp-json\/wp\/v2\/media?parent=998"}],"wp:term":[{"taxonomy":"category","embeddable":true,"href":"https:\/\/www.oreca-store.com\/blog\/wp-json\/wp\/v2\/categories?post=998"},{"taxonomy":"post_tag","embeddable":true,"href":"https:\/\/www.oreca-store.com\/blog\/wp-json\/wp\/v2\/tags?post=998"}],"curies":[{"name":"wp","href":"https:\/\/api.w.org\/{rel}","templated":true}]}}