{"id":3967,"date":"2026-01-22T15:07:52","date_gmt":"2026-01-22T14:07:52","guid":{"rendered":"https:\/\/www.oreca-store.com\/blog\/?p=3967"},"modified":"2026-01-27T15:33:25","modified_gmt":"2026-01-27T14:33:25","slug":"calendrier-rallye-fia-wrc-2026","status":"publish","type":"post","link":"https:\/\/www.oreca-store.com\/blog\/actualites\/competitions-cat\/calendrier-rallye-fia-wrc-2026\/","title":{"rendered":"Calendrier &#8211; Rallyes FIA WRC 2026"},"content":{"rendered":"\n<p>Le <strong>Championnat du Monde des Rallyes (WRC)<\/strong>, orchestr\u00e9 par la FIA, repr\u00e9sente le sommet du sport automobile sur route. V\u00e9ritable d\u00e9fi d&rsquo;endurance et de pr\u00e9cision, il voit s&rsquo;affronter les meilleurs pilotes de la plan\u00e8te sur des surfaces vari\u00e9es, allant de la neige su\u00e9doise \u00e0 la terre br\u00fblante de l&rsquo;Afrique. Pour les passionn\u00e9s et les n\u00e9ophytes, chaque saison est une promesse de spectacle pur.<\/p>\n\n\n<div class=\"wp-block-image\">\n<figure class=\"aligncenter size-large is-resized\"><a href=\"https:\/\/www.oreca-store.com\/?utm_source=Blog&amp;utm_medium=Banni%C3%A8re&amp;utm_campaign=Bouton+g%C3%A9n%C3%A9rique+blog&amp;utm_id=Bouton+g%C3%A9n%C3%A9rique+blog\"><img loading=\"lazy\" decoding=\"async\" width=\"2560\" height=\"1439\" src=\"https:\/\/www.oreca-store.com\/blog\/wp-content\/uploads\/2026\/01\/DPPI_01126001_101-1-edited-scaled.jpg\" alt=\"\" class=\"wp-image-3969\" style=\"aspect-ratio:1.7790535181478264;width:683px;height:auto\" srcset=\"https:\/\/www.oreca-store.com\/blog\/wp-content\/uploads\/2026\/01\/DPPI_01126001_101-1-edited-scaled.jpg 2560w, https:\/\/www.oreca-store.com\/blog\/wp-content\/uploads\/2026\/01\/DPPI_01126001_101-1-edited-300x169.jpg 300w, https:\/\/www.oreca-store.com\/blog\/wp-content\/uploads\/2026\/01\/DPPI_01126001_101-1-edited-1024x576.jpg 1024w, https:\/\/www.oreca-store.com\/blog\/wp-content\/uploads\/2026\/01\/DPPI_01126001_101-1-edited-768x432.jpg 768w, https:\/\/www.oreca-store.com\/blog\/wp-content\/uploads\/2026\/01\/DPPI_01126001_101-1-edited-1536x864.jpg 1536w, https:\/\/www.oreca-store.com\/blog\/wp-content\/uploads\/2026\/01\/DPPI_01126001_101-1-edited-2048x1151.jpg 2048w\" sizes=\"auto, (max-width: 2560px) 100vw, 2560px\" \/><\/a><\/figure>\n<\/div>\n\n\n<p>Pour 2026, la continuit\u00e9 est de mise avec un total de <strong>quatorze manches<\/strong> au programme. Si l&rsquo;ossature de la comp\u00e9tition reste fid\u00e8le \u00e0 celle de 2025, quelques ajustements strat\u00e9giques viennent redynamiser le championnat :<\/p>\n\n\n\n<ul class=\"wp-block-list\">\n<li><strong>Le retour de la Croatie :<\/strong> C&rsquo;est le changement majeur de cette \u00e9dition. Le Rallye de Croatie r\u00e9int\u00e8gre le calendrier \u00e0 sa p\u00e9riode de pr\u00e9dilection, en <strong>avril<\/strong>, prenant ainsi la place du Rallye d\u2019Europe Centrale.<br><\/li>\n\n\n\n<li><strong>Le Japon change de saison :<\/strong> Habituellement disput\u00e9e en fin d&rsquo;ann\u00e9e, l&rsquo;\u00e9preuve nippone est avanc\u00e9e \u00e0 la <strong>fin du mois de mai<\/strong>, offrant un nouveau d\u00e9fi logistique et climatique aux \u00e9curies.<br><\/li>\n\n\n\n<li><strong>L\u2019Italie se repositionne :<\/strong> La manche italienne est d\u00e9sormais fix\u00e9e au d\u00e9but du mois d\u2019<strong>octobre<\/strong>.<\/li>\n<\/ul>\n\n\n\n<figure class=\"wp-block-table is-style-stripes\"><table><tbody><tr><td class=\"has-text-align-center\" data-align=\"center\"><strong>Date<\/strong><\/td><td class=\"has-text-align-center\" data-align=\"center\"><strong>\u00c9v\u00e9nement<\/strong><\/td><\/tr><tr><td class=\"has-text-align-center\" data-align=\"center\">22 &#8211; 25 janvier 2026<\/td><td class=\"has-text-align-center\" data-align=\"center\">Rallye Monte-Carlo &#8211; MONACO<\/td><\/tr><tr><td class=\"has-text-align-center\" data-align=\"center\">12 &#8211; 15 f\u00e9vrier 2026<\/td><td class=\"has-text-align-center\" data-align=\"center\">Rally Sweden &#8211; SUEDE<\/td><\/tr><tr><td class=\"has-text-align-center\" data-align=\"center\">12 &#8211; 15 mars 2026<\/td><td class=\"has-text-align-center\" data-align=\"center\">Safari Rally Kenya &#8211; KENYA<\/td><\/tr><tr><td class=\"has-text-align-center\" data-align=\"center\">09 &#8211; 12 avril 2026<\/td><td class=\"has-text-align-center\" data-align=\"center\">Croatia Rally &#8211; CROATIE<\/td><\/tr><tr><td class=\"has-text-align-center\" data-align=\"center\">23 &#8211; 26 avril 2026<\/td><td class=\"has-text-align-center\" data-align=\"center\">Rally Islas Canarias &#8211; ESPAGNE<\/td><\/tr><tr><td class=\"has-text-align-center\" data-align=\"center\">07 &#8211; 10 mai 2026<\/td><td class=\"has-text-align-center\" data-align=\"center\">Vodafone Rally de Portugal &#8211; PORTUGAL<\/td><\/tr><tr><td class=\"has-text-align-center\" data-align=\"center\">28 &#8211; 31 mai 2026<\/td><td class=\"has-text-align-center\" data-align=\"center\">Rally Japan &#8211; JAPON<\/td><\/tr><tr><td class=\"has-text-align-center\" data-align=\"center\">25 &#8211; 28 juin 2026<\/td><td class=\"has-text-align-center\" data-align=\"center\">EKO Acropolis Rally Greece &#8211; GRECE<\/td><\/tr><tr><td class=\"has-text-align-center\" data-align=\"center\">16 &#8211; 19 juillet 2026<\/td><td class=\"has-text-align-center\" data-align=\"center\">Rally Estonia &#8211; ESTONIE<\/td><\/tr><tr><td class=\"has-text-align-center\" data-align=\"center\">30 juillet &#8211; 02 ao\u00fbt 2026<\/td><td class=\"has-text-align-center\" data-align=\"center\">Secto Rally Finland &#8211; FINLANDE<\/td><\/tr><tr><td class=\"has-text-align-center\" data-align=\"center\">27 &#8211; 30 ao\u00fbt 2026<\/td><td class=\"has-text-align-center\" data-align=\"center\">Ueno Rally del Paraguay &#8211; PARAGUAY<\/td><\/tr><tr><td class=\"has-text-align-center\" data-align=\"center\">10 &#8211; 13 septembre 2026<\/td><td class=\"has-text-align-center\" data-align=\"center\">Rally Chile Bio Bio &#8211; CHILI<\/td><\/tr><tr><td class=\"has-text-align-center\" data-align=\"center\">01 &#8211; 04 octobre 2026<\/td><td class=\"has-text-align-center\" data-align=\"center\">Rally Italia &#8211; ITALIE<\/td><\/tr><tr><td class=\"has-text-align-center\" data-align=\"center\">12 &#8211; 15 novembre 2026<\/td><td class=\"has-text-align-center\" data-align=\"center\">Rally Saudi Arabia &#8211; ARABIE-SAOUDITE<\/td><\/tr><\/tbody><\/table><\/figure>\n\n\n<div class=\"wp-block-image\">\n<figure class=\"aligncenter size-large is-resized\"><a href=\"https:\/\/www.oreca-store.com\/le-pilote.html\"><img loading=\"lazy\" decoding=\"async\" width=\"1024\" height=\"410\" src=\"https:\/\/www.oreca-store.com\/blog\/wp-content\/uploads\/2026\/01\/BanniereBlog@3x@5x-1024x410.png\" alt=\"\" class=\"wp-image-4005\" style=\"aspect-ratio:2.497621994918236;width:569px;height:auto\" srcset=\"https:\/\/www.oreca-store.com\/blog\/wp-content\/uploads\/2026\/01\/BanniereBlog@3x@5x-1024x410.png 1024w, https:\/\/www.oreca-store.com\/blog\/wp-content\/uploads\/2026\/01\/BanniereBlog@3x@5x-300x120.png 300w, https:\/\/www.oreca-store.com\/blog\/wp-content\/uploads\/2026\/01\/BanniereBlog@3x@5x-768x307.png 768w, https:\/\/www.oreca-store.com\/blog\/wp-content\/uploads\/2026\/01\/BanniereBlog@3x@5x-1536x614.png 1536w, https:\/\/www.oreca-store.com\/blog\/wp-content\/uploads\/2026\/01\/BanniereBlog@3x@5x-2048x819.png 2048w\" sizes=\"auto, (max-width: 1024px) 100vw, 1024px\" \/><\/a><\/figure>\n<\/div>","protected":false},"excerpt":{"rendered":"<p>Le Championnat du Monde des Rallyes (WRC), orchestr\u00e9 par la FIA, repr\u00e9sente le sommet du sport automobile sur route. V\u00e9ritable d\u00e9fi d&rsquo;endurance et de pr\u00e9cision, il voit s&rsquo;affronter les meilleurs pilotes de la plan\u00e8te sur des surfaces vari\u00e9es, allant de la neige su\u00e9doise \u00e0 la terre br\u00fblante de l&rsquo;Afrique. Pour les passionn\u00e9s et les n\u00e9ophytes, [&hellip;]<\/p>\n","protected":false},"author":11,"featured_media":3971,"comment_status":"open","ping_status":"open","sticky":false,"template":"","format":"standard","meta":{"_themeisle_gutenberg_block_has_review":false,"footnotes":""},"categories":[36,37],"tags":[],"class_list":["post-3967","post","type-post","status-publish","format-standard","has-post-thumbnail","hentry","category-actualites","category-competitions"],"acf":[],"yoast_head":"<!-- This site is optimized with the Yoast SEO Premium plugin v21.5 (Yoast SEO v21.5) - https:\/\/yoast.com\/wordpress\/plugins\/seo\/ -->\n<title>Calendrier - Rallyes FIA WRC 2026<\/title>\n<meta name=\"description\" content=\"Le Championnat du Monde des Rallyes (WRC), orchestr\u00e9 par la FIA, repr\u00e9sente le sommet du sport automobile sur route. V\u00e9ritable d\u00e9fi d&#039;endurance et de pr\u00e9cision, il voit s&#039;affronter les meilleurs pilotes de la plan\u00e8te sur des surfaces vari\u00e9es, allant de la neige su\u00e9doise \u00e0 la terre br\u00fblante de l&#039;Afrique. Pour les passionn\u00e9s et les n\u00e9ophytes, chaque saison est une promesse de spectacle pur.\" \/>\n<meta name=\"robots\" content=\"index, follow, max-snippet:-1, max-image-preview:large, max-video-preview:-1\" \/>\n<link rel=\"canonical\" href=\"https:\/\/www.oreca-store.com\/blog\/actualites\/competitions-cat\/calendrier-rallye-fia-wrc-2026\/\" \/>\n<meta property=\"og:locale\" content=\"fr_FR\" \/>\n<meta property=\"og:type\" content=\"article\" \/>\n<meta property=\"og:title\" content=\"Calendrier - Rallyes FIA WRC 2026\" \/>\n<meta property=\"og:description\" content=\"Le Championnat du Monde des Rallyes (WRC), orchestr\u00e9 par la FIA, repr\u00e9sente le sommet du sport automobile sur route. V\u00e9ritable d\u00e9fi d&#039;endurance et de pr\u00e9cision, il voit s&#039;affronter les meilleurs pilotes de la plan\u00e8te sur des surfaces vari\u00e9es, allant de la neige su\u00e9doise \u00e0 la terre br\u00fblante de l&#039;Afrique. Pour les passionn\u00e9s et les n\u00e9ophytes, chaque saison est une promesse de spectacle pur.\" \/>\n<meta property=\"og:url\" content=\"https:\/\/www.oreca-store.com\/blog\/actualites\/competitions-cat\/calendrier-rallye-fia-wrc-2026\/\" \/>\n<meta property=\"og:site_name\" content=\"Le Blog ORECA Store\" \/>\n<meta property=\"article:published_time\" content=\"2026-01-22T14:07:52+00:00\" \/>\n<meta property=\"article:modified_time\" content=\"2026-01-27T14:33:25+00:00\" \/>\n<meta property=\"og:image\" content=\"https:\/\/www.oreca-store.com\/blog\/wp-content\/uploads\/2026\/01\/DPPI_01126001_194-scaled.jpg\" \/>\n\t<meta property=\"og:image:width\" content=\"2560\" \/>\n\t<meta property=\"og:image:height\" content=\"1707\" \/>\n\t<meta property=\"og:image:type\" content=\"image\/jpeg\" \/>\n<meta name=\"author\" content=\"amaillefert\" \/>\n<meta name=\"twitter:label1\" content=\"\u00c9crit par\" \/>\n\t<meta name=\"twitter:data1\" content=\"amaillefert\" \/>\n\t<meta name=\"twitter:label2\" content=\"Dur\u00e9e de lecture estim\u00e9e\" \/>\n\t<meta name=\"twitter:data2\" content=\"2 minutes\" \/>\n<script type=\"application\/ld+json\" class=\"yoast-schema-graph\">{\"@context\":\"https:\/\/schema.org\",\"@graph\":[{\"@type\":\"Article\",\"@id\":\"https:\/\/www.oreca-store.com\/blog\/actualites\/competitions-cat\/calendrier-rallye-fia-wrc-2026\/#article\",\"isPartOf\":{\"@id\":\"https:\/\/www.oreca-store.com\/blog\/actualites\/competitions-cat\/calendrier-rallye-fia-wrc-2026\/\"},\"author\":{\"name\":\"amaillefert\",\"@id\":\"https:\/\/www.oreca-store.com\/blog\/#\/schema\/person\/3e554bd47324ca4d9f35eb9ee525d04a\"},\"headline\":\"Calendrier &#8211; Rallyes FIA WRC 2026\",\"datePublished\":\"2026-01-22T14:07:52+00:00\",\"dateModified\":\"2026-01-27T14:33:25+00:00\",\"mainEntityOfPage\":{\"@id\":\"https:\/\/www.oreca-store.com\/blog\/actualites\/competitions-cat\/calendrier-rallye-fia-wrc-2026\/\"},\"wordCount\":310,\"commentCount\":0,\"publisher\":{\"@id\":\"https:\/\/www.oreca-store.com\/blog\/#organization\"},\"articleSection\":[\"Actualit\u00e9s\",\"Comp\u00e9titions\"],\"inLanguage\":\"fr-FR\",\"potentialAction\":[{\"@type\":\"CommentAction\",\"name\":\"Comment\",\"target\":[\"https:\/\/www.oreca-store.com\/blog\/actualites\/competitions-cat\/calendrier-rallye-fia-wrc-2026\/#respond\"]}]},{\"@type\":\"WebPage\",\"@id\":\"https:\/\/www.oreca-store.com\/blog\/actualites\/competitions-cat\/calendrier-rallye-fia-wrc-2026\/\",\"url\":\"https:\/\/www.oreca-store.com\/blog\/actualites\/competitions-cat\/calendrier-rallye-fia-wrc-2026\/\",\"name\":\"Calendrier - Rallyes FIA WRC 2026\",\"isPartOf\":{\"@id\":\"https:\/\/www.oreca-store.com\/blog\/#website\"},\"datePublished\":\"2026-01-22T14:07:52+00:00\",\"dateModified\":\"2026-01-27T14:33:25+00:00\",\"description\":\"Le Championnat du Monde des Rallyes (WRC), orchestr\u00e9 par la FIA, repr\u00e9sente le sommet du sport automobile sur route. V\u00e9ritable d\u00e9fi d'endurance et de pr\u00e9cision, il voit s'affronter les meilleurs pilotes de la plan\u00e8te sur des surfaces vari\u00e9es, allant de la neige su\u00e9doise \u00e0 la terre br\u00fblante de l'Afrique. Pour les passionn\u00e9s et les n\u00e9ophytes, chaque saison est une promesse de spectacle pur.\",\"inLanguage\":\"fr-FR\",\"potentialAction\":[{\"@type\":\"ReadAction\",\"target\":[\"https:\/\/www.oreca-store.com\/blog\/actualites\/competitions-cat\/calendrier-rallye-fia-wrc-2026\/\"]}]},{\"@type\":\"WebSite\",\"@id\":\"https:\/\/www.oreca-store.com\/blog\/#website\",\"url\":\"https:\/\/www.oreca-store.com\/blog\/\",\"name\":\"Blog ORECA STORE\",\"description\":\"\",\"publisher\":{\"@id\":\"https:\/\/www.oreca-store.com\/blog\/#organization\"},\"potentialAction\":[{\"@type\":\"SearchAction\",\"target\":{\"@type\":\"EntryPoint\",\"urlTemplate\":\"https:\/\/www.oreca-store.com\/blog\/?s={search_term_string}\"},\"query-input\":\"required name=search_term_string\"}],\"inLanguage\":\"fr-FR\"},{\"@type\":\"Organization\",\"@id\":\"https:\/\/www.oreca-store.com\/blog\/#organization\",\"name\":\"ORECA Store\",\"url\":\"https:\/\/www.oreca-store.com\/blog\/\",\"logo\":{\"@type\":\"ImageObject\",\"inLanguage\":\"fr-FR\",\"@id\":\"https:\/\/www.oreca-store.com\/blog\/#\/schema\/logo\/image\/\",\"url\":\"https:\/\/www.oreca-store.com\/blog\/wp-content\/uploads\/2025\/12\/Logo_ORECA_Store_BLOG.png\",\"contentUrl\":\"https:\/\/www.oreca-store.com\/blog\/wp-content\/uploads\/2025\/12\/Logo_ORECA_Store_BLOG.png\",\"caption\":\"ORECA Store\"},\"image\":{\"@id\":\"https:\/\/www.oreca-store.com\/blog\/#\/schema\/logo\/image\/\"}},{\"@type\":\"Person\",\"@id\":\"https:\/\/www.oreca-store.com\/blog\/#\/schema\/person\/3e554bd47324ca4d9f35eb9ee525d04a\",\"name\":\"amaillefert\",\"url\":\"https:\/\/www.oreca-store.com\/blog\/author\/amaillefert\/\"}]}<\/script>\n<!-- \/ Yoast SEO Premium plugin. -->","yoast_head_json":{"title":"Calendrier - Rallyes FIA WRC 2026","description":"Le Championnat du Monde des Rallyes (WRC), orchestr\u00e9 par la FIA, repr\u00e9sente le sommet du sport automobile sur route. V\u00e9ritable d\u00e9fi d'endurance et de pr\u00e9cision, il voit s'affronter les meilleurs pilotes de la plan\u00e8te sur des surfaces vari\u00e9es, allant de la neige su\u00e9doise \u00e0 la terre br\u00fblante de l'Afrique. Pour les passionn\u00e9s et les n\u00e9ophytes, chaque saison est une promesse de spectacle pur.","robots":{"index":"index","follow":"follow","max-snippet":"max-snippet:-1","max-image-preview":"max-image-preview:large","max-video-preview":"max-video-preview:-1"},"canonical":"https:\/\/www.oreca-store.com\/blog\/actualites\/competitions-cat\/calendrier-rallye-fia-wrc-2026\/","og_locale":"fr_FR","og_type":"article","og_title":"Calendrier - Rallyes FIA WRC 2026","og_description":"Le Championnat du Monde des Rallyes (WRC), orchestr\u00e9 par la FIA, repr\u00e9sente le sommet du sport automobile sur route. V\u00e9ritable d\u00e9fi d'endurance et de pr\u00e9cision, il voit s'affronter les meilleurs pilotes de la plan\u00e8te sur des surfaces vari\u00e9es, allant de la neige su\u00e9doise \u00e0 la terre br\u00fblante de l'Afrique. Pour les passionn\u00e9s et les n\u00e9ophytes, chaque saison est une promesse de spectacle pur.","og_url":"https:\/\/www.oreca-store.com\/blog\/actualites\/competitions-cat\/calendrier-rallye-fia-wrc-2026\/","og_site_name":"Le Blog ORECA Store","article_published_time":"2026-01-22T14:07:52+00:00","article_modified_time":"2026-01-27T14:33:25+00:00","og_image":[{"width":2560,"height":1707,"url":"https:\/\/www.oreca-store.com\/blog\/wp-content\/uploads\/2026\/01\/DPPI_01126001_194-scaled.jpg","type":"image\/jpeg"}],"author":"amaillefert","twitter_misc":{"\u00c9crit par":"amaillefert","Dur\u00e9e de lecture estim\u00e9e":"2 minutes"},"schema":{"@context":"https:\/\/schema.org","@graph":[{"@type":"Article","@id":"https:\/\/www.oreca-store.com\/blog\/actualites\/competitions-cat\/calendrier-rallye-fia-wrc-2026\/#article","isPartOf":{"@id":"https:\/\/www.oreca-store.com\/blog\/actualites\/competitions-cat\/calendrier-rallye-fia-wrc-2026\/"},"author":{"name":"amaillefert","@id":"https:\/\/www.oreca-store.com\/blog\/#\/schema\/person\/3e554bd47324ca4d9f35eb9ee525d04a"},"headline":"Calendrier &#8211; Rallyes FIA WRC 2026","datePublished":"2026-01-22T14:07:52+00:00","dateModified":"2026-01-27T14:33:25+00:00","mainEntityOfPage":{"@id":"https:\/\/www.oreca-store.com\/blog\/actualites\/competitions-cat\/calendrier-rallye-fia-wrc-2026\/"},"wordCount":310,"commentCount":0,"publisher":{"@id":"https:\/\/www.oreca-store.com\/blog\/#organization"},"articleSection":["Actualit\u00e9s","Comp\u00e9titions"],"inLanguage":"fr-FR","potentialAction":[{"@type":"CommentAction","name":"Comment","target":["https:\/\/www.oreca-store.com\/blog\/actualites\/competitions-cat\/calendrier-rallye-fia-wrc-2026\/#respond"]}]},{"@type":"WebPage","@id":"https:\/\/www.oreca-store.com\/blog\/actualites\/competitions-cat\/calendrier-rallye-fia-wrc-2026\/","url":"https:\/\/www.oreca-store.com\/blog\/actualites\/competitions-cat\/calendrier-rallye-fia-wrc-2026\/","name":"Calendrier - Rallyes FIA WRC 2026","isPartOf":{"@id":"https:\/\/www.oreca-store.com\/blog\/#website"},"datePublished":"2026-01-22T14:07:52+00:00","dateModified":"2026-01-27T14:33:25+00:00","description":"Le Championnat du Monde des Rallyes (WRC), orchestr\u00e9 par la FIA, repr\u00e9sente le sommet du sport automobile sur route. V\u00e9ritable d\u00e9fi d'endurance et de pr\u00e9cision, il voit s'affronter les meilleurs pilotes de la plan\u00e8te sur des surfaces vari\u00e9es, allant de la neige su\u00e9doise \u00e0 la terre br\u00fblante de l'Afrique. Pour les passionn\u00e9s et les n\u00e9ophytes, chaque saison est une promesse de spectacle pur.","inLanguage":"fr-FR","potentialAction":[{"@type":"ReadAction","target":["https:\/\/www.oreca-store.com\/blog\/actualites\/competitions-cat\/calendrier-rallye-fia-wrc-2026\/"]}]},{"@type":"WebSite","@id":"https:\/\/www.oreca-store.com\/blog\/#website","url":"https:\/\/www.oreca-store.com\/blog\/","name":"Blog ORECA STORE","description":"","publisher":{"@id":"https:\/\/www.oreca-store.com\/blog\/#organization"},"potentialAction":[{"@type":"SearchAction","target":{"@type":"EntryPoint","urlTemplate":"https:\/\/www.oreca-store.com\/blog\/?s={search_term_string}"},"query-input":"required name=search_term_string"}],"inLanguage":"fr-FR"},{"@type":"Organization","@id":"https:\/\/www.oreca-store.com\/blog\/#organization","name":"ORECA Store","url":"https:\/\/www.oreca-store.com\/blog\/","logo":{"@type":"ImageObject","inLanguage":"fr-FR","@id":"https:\/\/www.oreca-store.com\/blog\/#\/schema\/logo\/image\/","url":"https:\/\/www.oreca-store.com\/blog\/wp-content\/uploads\/2025\/12\/Logo_ORECA_Store_BLOG.png","contentUrl":"https:\/\/www.oreca-store.com\/blog\/wp-content\/uploads\/2025\/12\/Logo_ORECA_Store_BLOG.png","caption":"ORECA Store"},"image":{"@id":"https:\/\/www.oreca-store.com\/blog\/#\/schema\/logo\/image\/"}},{"@type":"Person","@id":"https:\/\/www.oreca-store.com\/blog\/#\/schema\/person\/3e554bd47324ca4d9f35eb9ee525d04a","name":"amaillefert","url":"https:\/\/www.oreca-store.com\/blog\/author\/amaillefert\/"}]}},"_links":{"self":[{"href":"https:\/\/www.oreca-store.com\/blog\/wp-json\/wp\/v2\/posts\/3967","targetHints":{"allow":["GET"]}}],"collection":[{"href":"https:\/\/www.oreca-store.com\/blog\/wp-json\/wp\/v2\/posts"}],"about":[{"href":"https:\/\/www.oreca-store.com\/blog\/wp-json\/wp\/v2\/types\/post"}],"author":[{"embeddable":true,"href":"https:\/\/www.oreca-store.com\/blog\/wp-json\/wp\/v2\/users\/11"}],"replies":[{"embeddable":true,"href":"https:\/\/www.oreca-store.com\/blog\/wp-json\/wp\/v2\/comments?post=3967"}],"version-history":[{"count":16,"href":"https:\/\/www.oreca-store.com\/blog\/wp-json\/wp\/v2\/posts\/3967\/revisions"}],"predecessor-version":[{"id":4012,"href":"https:\/\/www.oreca-store.com\/blog\/wp-json\/wp\/v2\/posts\/3967\/revisions\/4012"}],"wp:featuredmedia":[{"embeddable":true,"href":"https:\/\/www.oreca-store.com\/blog\/wp-json\/wp\/v2\/media\/3971"}],"wp:attachment":[{"href":"https:\/\/www.oreca-store.com\/blog\/wp-json\/wp\/v2\/media?parent=3967"}],"wp:term":[{"taxonomy":"category","embeddable":true,"href":"https:\/\/www.oreca-store.com\/blog\/wp-json\/wp\/v2\/categories?post=3967"},{"taxonomy":"post_tag","embeddable":true,"href":"https:\/\/www.oreca-store.com\/blog\/wp-json\/wp\/v2\/tags?post=3967"}],"curies":[{"name":"wp","href":"https:\/\/api.w.org\/{rel}","templated":true}]}}