{"id":3441,"date":"2026-01-05T15:39:00","date_gmt":"2026-01-05T14:39:00","guid":{"rendered":"https:\/\/www.oreca-store.com\/blog\/?p=3441"},"modified":"2026-01-27T15:32:11","modified_gmt":"2026-01-27T14:32:11","slug":"calendrier-rallye-france-2026","status":"publish","type":"post","link":"https:\/\/www.oreca-store.com\/blog\/actualites\/competitions-cat\/calendrier-rallye-france-2026\/","title":{"rendered":"Calendriers &#8211; Rallyes France 2026"},"content":{"rendered":"\n<p>Les comp\u00e9titions de rallye en France offrent une diversit\u00e9 et une intensit\u00e9 de course incomparables, attirant aussi bien les pilotes chevronn\u00e9s que les nouveaux talents. En 2026, le calendrier des rallyes nationaux fran\u00e7ais se compose de cinq comp\u00e9titions majeures : le Championnat de France des Rallyes, le Championnat de France des Rallyes Terre, le Championnat de France des Rallyes 2e Division, la Coupe de France des Rallyes Coefficient 4 et le Championnat de France des Rallyes Tout-Terrain.<\/p>\n\n\n<div class=\"wp-block-image\">\n<figure class=\"aligncenter size-large\"><img loading=\"lazy\" decoding=\"async\" width=\"1024\" height=\"683\" src=\"https:\/\/www.oreca-store.com\/blog\/wp-content\/uploads\/2025\/12\/Y.Bonato-B.Boulloud-C3-Rally2-Var-25-188-1024x683.jpg\" alt=\"\" class=\"wp-image-3629\" srcset=\"https:\/\/www.oreca-store.com\/blog\/wp-content\/uploads\/2025\/12\/Y.Bonato-B.Boulloud-C3-Rally2-Var-25-188-1024x683.jpg 1024w, https:\/\/www.oreca-store.com\/blog\/wp-content\/uploads\/2025\/12\/Y.Bonato-B.Boulloud-C3-Rally2-Var-25-188-300x200.jpg 300w, https:\/\/www.oreca-store.com\/blog\/wp-content\/uploads\/2025\/12\/Y.Bonato-B.Boulloud-C3-Rally2-Var-25-188-768x512.jpg 768w, https:\/\/www.oreca-store.com\/blog\/wp-content\/uploads\/2025\/12\/Y.Bonato-B.Boulloud-C3-Rally2-Var-25-188-1536x1024.jpg 1536w, https:\/\/www.oreca-store.com\/blog\/wp-content\/uploads\/2025\/12\/Y.Bonato-B.Boulloud-C3-Rally2-Var-25-188-2048x1365.jpg 2048w\" sizes=\"auto, (max-width: 1024px) 100vw, 1024px\" \/><\/figure>\n<\/div>\n\n<div class=\"wp-block-image\">\n<figure class=\"aligncenter size-large is-resized\"><a href=\"https:\/\/www.oreca-store.com\/le-pilote.html\"><img loading=\"lazy\" decoding=\"async\" width=\"1024\" height=\"410\" src=\"https:\/\/www.oreca-store.com\/blog\/wp-content\/uploads\/2026\/01\/BanniereBlog@3x@5x-1024x410.png\" alt=\"\" class=\"wp-image-4005\" style=\"width:599px;height:auto\" srcset=\"https:\/\/www.oreca-store.com\/blog\/wp-content\/uploads\/2026\/01\/BanniereBlog@3x@5x-1024x410.png 1024w, https:\/\/www.oreca-store.com\/blog\/wp-content\/uploads\/2026\/01\/BanniereBlog@3x@5x-300x120.png 300w, https:\/\/www.oreca-store.com\/blog\/wp-content\/uploads\/2026\/01\/BanniereBlog@3x@5x-768x307.png 768w, https:\/\/www.oreca-store.com\/blog\/wp-content\/uploads\/2026\/01\/BanniereBlog@3x@5x-1536x614.png 1536w, https:\/\/www.oreca-store.com\/blog\/wp-content\/uploads\/2026\/01\/BanniereBlog@3x@5x-2048x819.png 2048w\" sizes=\"auto, (max-width: 1024px) 100vw, 1024px\" \/><\/a><\/figure>\n<\/div>\n\n\n<h2 class=\"wp-block-heading\" id=\"h-calendrier-du-championnat-de-france-des-rallyes-2026\">Calendrier du Championnat de France des Rallyes 2026<\/h2>\n\n\n\n<p>Le Championnat de France des Rallyes est le summum du rallye en France, mettant en comp\u00e9tition les meilleurs pilotes sur des typologies de routes vari\u00e9s aux quatre coins de la France. Ce championnat est c\u00e9l\u00e8bre et r\u00e9put\u00e9 mondialement pour sa diversit\u00e9 et son niveau, offrant des \u00e9preuves qui mettent \u00e0 l&rsquo;\u00e9preuve l&rsquo;\u00e9quipage et les voitures. Il s&rsquo;agit g\u00e9n\u00e9ralement d&rsquo;un tremplin pour les cat\u00e9gories reines avant d&rsquo;atteindre l&rsquo;\u00e9tape sup\u00e9rieur : ERC (Championnat d&rsquo;Europe des Rallyes) ou WRC (Championnat du Monde des Rallyes. De nombreux ambassadeurs ORECA Store sont des acteurs majeurs de ce championnat tel que Yoann Bonato sextuple champion de France des rallyes.<\/p>\n\n\n\n<p><strong>Calendrier des \u00e9preuves <\/strong>:<\/p>\n\n\n\n<figure class=\"wp-block-table\"><table><thead><tr><td><strong>Date<\/strong><\/td><td><strong>\u00c9v\u00e9nement<\/strong><\/td><\/tr><\/thead><tbody><tr><td>26-28 mars 2026<\/td><td>Touquet Pas de Calais<\/td><\/tr><tr><td>16-18 avril 2026<\/td><td>Rh\u00f4ne-Charbonni\u00e8res<\/td><\/tr><tr><td>15-17 mai 2026<\/td><td>Antibes C\u00f4te d\u2019Azur<\/td><\/tr><tr><td>12-14 juin 2026<\/td><td>Vosges Grand Est<\/td><\/tr><tr><td>09-11 juillet 2026<\/td><td>Aveyron Rouergue Occitanie<\/td><\/tr><tr><td>03-05 septembre 2026<\/td><td>Mont-Blanc Morzine<\/td><\/tr><tr><td>25-27 septembre 2026<\/td><td>C\u0153ur de France<\/td><\/tr><tr><td>22-24 octobre 2026<\/td><td>C\u00e9vennes<\/td><\/tr><tr><td>27-29 novembre 2026<\/td><td>Var<\/td><\/tr><\/tbody><\/table><\/figure>\n\n\n\n<h2 class=\"wp-block-heading\" id=\"h-calendrier-championnat-de-france-des-rallyes-terre-2026\">Calendrier Championnat de France des Rallyes Terre 2026<\/h2>\n\n\n\n<p>Le Championnat de France des Rallyes Terre offre une aventure unique sur les pistes en terre du territoire fran\u00e7ais. Cette s\u00e9rie est r\u00e9put\u00e9e pour ses d\u00e9fis uniques, confrontant les pilotes \u00e0 des conditions de course vari\u00e9es et \u00e0 des terrains exigeants, faisant de chaque \u00e9tape une \u00e9preuve de force et d&rsquo;endurance.<\/p>\n\n\n\n<p><strong>Calendrier des \u00e9preuves :<\/strong> <\/p>\n\n\n\n<figure class=\"wp-block-table\"><table><thead><tr><td><strong>Date<\/strong><\/td><td><strong>\u00c9v\u00e9nement<\/strong><\/td><\/tr><\/thead><tbody><tr><td>06-08 mars 2026<\/td><td>Castine Terre d\u2019Occitanie<\/td><\/tr><tr><td>04-05 avril 2026<\/td><td>Causses<\/td><\/tr><tr><td>21-23 mai 2026<\/td><td>Al\u00e9ria<\/td><\/tr><tr><td>18-19 juillet 2026<\/td><td>Terre de D\u00e9couverte (coef. 0,5)<\/td><\/tr><tr><td>28-30 ao\u00fbt 2026<\/td><td>Loz\u00e8re<\/td><\/tr><tr><td>09-11 octobre 2026<\/td><td>Cardabelles Millau Aveyron<\/td><\/tr><tr><td>06-08 novembre 2026<\/td><td>Vaucluse<\/td><\/tr><\/tbody><\/table><\/figure>\n\n\n\n<h2 class=\"wp-block-heading\" id=\"h-calendrier-championnat-de-france-des-rallyes-2e-division-2026\">Calendrier Championnat de France des Rallyes 2e Division 2026<\/h2>\n\n\n\n<p>Le Championnat de France des Rallyes 2e Division est la plateforme id\u00e9ale pour les \u00e9quipes et pilotes en devenir. Offrant un terrain de jeu comp\u00e9titif et vari\u00e9, ce championnat permet aux nouveaux talents de s&rsquo;affirmer et de se mesurer \u00e0 des comp\u00e9titeurs de tout le pays, dans une qu\u00eate de reconnaissance et de succ\u00e8s.<\/p>\n\n\n\n<p><strong>Calendrier des \u00e9preuves <\/strong>:<\/p>\n\n\n\n<figure class=\"wp-block-table\"><table><thead><tr><td><strong>Date<\/strong><\/td><td><strong>\u00c9v\u00e9nement<\/strong><\/td><\/tr><\/thead><tbody><tr><td>03-05 avril 2026<\/td><td>Grasse Fleurs &amp; Parfums<\/td><\/tr><tr><td>10-12 avril 2026<\/td><td>Giraglia<\/td><\/tr><tr><td>01-03 mai 2026<\/td><td>Loz\u00e8re<\/td><\/tr><tr><td>02-03 mai 2026<\/td><td>Lorraine<\/td><\/tr><tr><td>07-10 mai 2026<\/td><td>Ain Jura<\/td><\/tr><tr><td>08-09 mai 2026<\/td><td>Dieppe-Normandie<\/td><\/tr><tr><td>05-07 juin 2026<\/td><td>Vins-M\u00e2con<\/td><\/tr><tr><td>03-05 juillet 2026<\/td><td>Charlemagne Golden Palace<\/td><\/tr><tr><td>23-26 juillet 2026<\/td><td>Tour Auto &#8211; Rallye de la R\u00e9union<\/td><\/tr><tr><td>24-26 juillet 2026<\/td><td>Montagne Noire<\/td><\/tr><tr><td>30 juillet &#8211; 02 ao\u00fbt 2026<\/td><td>Martinique Rallye Tour<\/td><\/tr><tr><td>18-20 septembre 2026<\/td><td>Pays de Saint Yrieix<\/td><\/tr><tr><td>07-08 novembre 2026<\/td><td>Indre<\/td><\/tr><tr><td>20-21 novembre 2026<\/td><td>Automne<\/td><\/tr><\/tbody><\/table><\/figure>\n\n\n\n<h2 class=\"wp-block-heading\" id=\"h-calendrier-coupe-de-france-des-rallyes-coefficient-4-2026\">Calendrier Coupe de France des Rallyes &#8211; Coefficient 4 2026<\/h2>\n\n\n\n<p>La Coupe de France des Rallyes Coefficient 4 se distingue par sa structure unique, offrant une s\u00e9rie de 13 rallyes \u00e0 travers la France o\u00f9 les pilotes accumulent des points pour se qualifier pour la Finale de la Coupe de France des Rallyes (qui aura lieu \u00e0 Remiremont en octobre 2026). Cette comp\u00e9tition attire des pilotes de tous niveaux, mettant en avant la passion et la comp\u00e9titivit\u00e9 du rallye fran\u00e7ais amateur.<\/p>\n\n\n\n<p>Les rallyes organis\u00e9s <strong>entre le 15 septembre 2025 et le 13 septembre 2026 <\/strong>compteront pour la Coupe de France 2026.<\/p>\n\n\n\n<p><strong>Calendrier des \u00e9preuves <\/strong>:<\/p>\n\n\n\n<figure class=\"wp-block-table\"><table><thead><tr><td><strong>Date<\/strong><\/td><td><strong>\u00c9v\u00e9nement<\/strong><\/td><\/tr><\/thead><tbody><tr><td>13-15 novembre 2025<\/td><td>Sainte Baume<\/td><\/tr><tr><td>05-07 d\u00e9cembre 2025<\/td><td>D\u00e9voluy<\/td><\/tr><tr><td>12-14 d\u00e9cembre 2025<\/td><td>Balagna<\/td><\/tr><tr><td>27 f\u00e9vrier-1er mars 2026<\/td><td>C\u00f4tes du Tarn<\/td><\/tr><tr><td>06-08 mars 2026<\/td><td>Haute Provence<\/td><\/tr><tr><td>27-29 mars 2026<\/td><td>Vallon de Marcillac<\/td><\/tr><tr><td>03-04 avril 2026<\/td><td>Pays du Gier<\/td><\/tr><tr><td>01-03 mai 2026<\/td><td>Lorraine<\/td><\/tr><tr><td>12-14 juin 2026<\/td><td>Gard Al\u00e8s Agglom\u00e9ration<\/td><\/tr><tr><td>03-05 juillet 2026<\/td><td>Saint Marcellin<\/td><\/tr><tr><td>10-12 juillet 2026<\/td><td>Bourgogne C\u00f4te Chalonnaise<\/td><\/tr><tr><td>17-19 juillet 2026<\/td><td>Dr\u00f4me Paul Friedman<\/td><\/tr><tr><td>21-23 ao\u00fbt 2026<\/td><td>Autun Sud Morvan<\/td><\/tr><\/tbody><\/table><\/figure>\n\n\n\n<h4 class=\"wp-block-heading has-text-align-center\" id=\"h-finale-de-la-coupe-de-france-des-rallyes-16-18-octobre-2026-remiremont-lsa-grand-est\"><strong>Finale de la Coupe de France des Rallyes : 16-18 octobre 2026 : Remiremont (LSA Grand Est)<\/strong><\/h4>\n\n\n\n<p><\/p>\n\n\n\n<h2 class=\"wp-block-heading\" id=\"h-calendrier-championnat-de-france-des-rallyes-tout-terrain-2026\">Calendrier Championnat de France des Rallyes Tout-Terrain 2026<\/h2>\n\n\n\n<p>Le Championnat de France des Rallyes Tout-Terrain invite les pilotes \u00e0 relever les d\u00e9fis uniques des terrains tout-terrain \u00e0 travers le pays. Cette comp\u00e9tition est c\u00e9l\u00e8bre pour ses parcours exigeants qui testent la r\u00e9silience et l&rsquo;adaptabilit\u00e9 des \u00e9quipages, dans des environnements allant des collines aux plaines, offrant une exp\u00e9rience de rallye tout-terrain incomparable.<\/p>\n\n\n\n<p><strong>Calendrier des \u00e9preuves <\/strong>:<\/p>\n\n\n\n<figure class=\"wp-block-table\"><table><thead><tr><td><strong>Date<\/strong><\/td><td><strong>\u00c9v\u00e9nement<\/strong><\/td><\/tr><\/thead><tbody><tr><td>06-08 mars 2026<\/td><td>Collines d\u2019Arzacq et Soubestre<\/td><\/tr><tr><td>03-05 avril 2026<\/td><td>Labourd<\/td><\/tr><tr><td>24-26 avril 2026<\/td><td>Terre du G\u00e2tinais<\/td><\/tr><tr><td>22-24 mai 2026<\/td><td>Jean de la Fontaine<\/td><\/tr><tr><td>19-21 juin 2026<\/td><td>Baretous<\/td><\/tr><tr><td>10-12 juillet 2026<\/td><td>Terres d\u2019Armagnac<\/td><\/tr><tr><td>07-09 ao\u00fbt 2026<\/td><td>Orthez B\u00e9arn<\/td><\/tr><tr><td>04-06 septembre 2026<\/td><td>C\u00eemes<\/td><\/tr><tr><td>02-04 octobre 2026<\/td><td>Dunes &amp; Marais<\/td><\/tr><tr><td>30 octobre-1er novembre 2026<\/td><td>7 Vall\u00e9es d\u2019Artois<\/td><\/tr><tr><td>27-29 novembre 2026<\/td><td>Plaines et Vall\u00e9es<\/td><\/tr><\/tbody><\/table><\/figure>\n\n\n<div class=\"wp-block-image\">\n<figure class=\"aligncenter size-large is-resized\"><a href=\"https:\/\/www.oreca-store.com\/le-pilote.html\"><img loading=\"lazy\" decoding=\"async\" width=\"1024\" height=\"410\" src=\"https:\/\/www.oreca-store.com\/blog\/wp-content\/uploads\/2026\/01\/BanniereBlog@3x@5x-1024x410.png\" alt=\"\" class=\"wp-image-4005\" style=\"width:599px;height:auto\" srcset=\"https:\/\/www.oreca-store.com\/blog\/wp-content\/uploads\/2026\/01\/BanniereBlog@3x@5x-1024x410.png 1024w, https:\/\/www.oreca-store.com\/blog\/wp-content\/uploads\/2026\/01\/BanniereBlog@3x@5x-300x120.png 300w, https:\/\/www.oreca-store.com\/blog\/wp-content\/uploads\/2026\/01\/BanniereBlog@3x@5x-768x307.png 768w, https:\/\/www.oreca-store.com\/blog\/wp-content\/uploads\/2026\/01\/BanniereBlog@3x@5x-1536x614.png 1536w, https:\/\/www.oreca-store.com\/blog\/wp-content\/uploads\/2026\/01\/BanniereBlog@3x@5x-2048x819.png 2048w\" sizes=\"auto, (max-width: 1024px) 100vw, 1024px\" \/><\/a><\/figure>\n<\/div>","protected":false},"excerpt":{"rendered":"<p>Les comp\u00e9titions de rallye en France offrent une diversit\u00e9 et une intensit\u00e9 de course incomparables, attirant aussi bien les pilotes chevronn\u00e9s que les nouveaux talents. En 2026, le calendrier des rallyes nationaux fran\u00e7ais se compose de cinq comp\u00e9titions majeures : le Championnat de France des Rallyes, le Championnat de France des Rallyes Terre, le Championnat [&hellip;]<\/p>\n","protected":false},"author":3,"featured_media":3625,"comment_status":"open","ping_status":"open","sticky":false,"template":"","format":"standard","meta":{"_themeisle_gutenberg_block_has_review":false,"footnotes":""},"categories":[36,37],"tags":[],"class_list":["post-3441","post","type-post","status-publish","format-standard","has-post-thumbnail","hentry","category-actualites","category-competitions"],"acf":[],"yoast_head":"<!-- This site is optimized with the Yoast SEO Premium plugin v21.5 (Yoast SEO v21.5) - https:\/\/yoast.com\/wordpress\/plugins\/seo\/ -->\n<title>Calendriers - Rallyes France 2026<\/title>\n<meta name=\"description\" content=\"En 2026, le calendrier des rallyes nationaux fran\u00e7ais se compose de cinq comp\u00e9titions avec en point d&#039;orgue le Championnat de France des Rallyes.\" \/>\n<meta name=\"robots\" content=\"index, follow, max-snippet:-1, max-image-preview:large, max-video-preview:-1\" \/>\n<link rel=\"canonical\" href=\"https:\/\/www.oreca-store.com\/blog\/actualites\/competitions-cat\/calendrier-rallye-france-2026\/\" \/>\n<meta property=\"og:locale\" content=\"fr_FR\" \/>\n<meta property=\"og:type\" content=\"article\" \/>\n<meta property=\"og:title\" content=\"Calendriers - Rallyes France 2026\" \/>\n<meta property=\"og:description\" content=\"En 2026, le calendrier des rallyes nationaux fran\u00e7ais se compose de cinq comp\u00e9titions avec en point d&#039;orgue le Championnat de France des Rallyes.\" \/>\n<meta property=\"og:url\" content=\"https:\/\/www.oreca-store.com\/blog\/actualites\/competitions-cat\/calendrier-rallye-france-2026\/\" \/>\n<meta property=\"og:site_name\" content=\"Le Blog ORECA Store\" \/>\n<meta property=\"article:published_time\" content=\"2026-01-05T14:39:00+00:00\" \/>\n<meta property=\"article:modified_time\" content=\"2026-01-27T14:32:11+00:00\" \/>\n<meta property=\"og:image\" content=\"https:\/\/www.oreca-store.com\/blog\/wp-content\/uploads\/2025\/12\/J.Galpin-J.Blateau-A110-RGT-CDF-25-83-scaled.jpg\" \/>\n\t<meta property=\"og:image:width\" content=\"2560\" \/>\n\t<meta property=\"og:image:height\" content=\"1707\" \/>\n\t<meta property=\"og:image:type\" content=\"image\/jpeg\" \/>\n<meta name=\"author\" content=\"oreca\" \/>\n<meta name=\"twitter:label1\" content=\"\u00c9crit par\" \/>\n\t<meta name=\"twitter:data1\" content=\"oreca\" \/>\n\t<meta name=\"twitter:label2\" content=\"Dur\u00e9e de lecture estim\u00e9e\" \/>\n\t<meta name=\"twitter:data2\" content=\"5 minutes\" \/>\n<script type=\"application\/ld+json\" class=\"yoast-schema-graph\">{\"@context\":\"https:\/\/schema.org\",\"@graph\":[{\"@type\":\"Article\",\"@id\":\"https:\/\/www.oreca-store.com\/blog\/actualites\/competitions-cat\/calendrier-rallye-france-2026\/#article\",\"isPartOf\":{\"@id\":\"https:\/\/www.oreca-store.com\/blog\/actualites\/competitions-cat\/calendrier-rallye-france-2026\/\"},\"author\":{\"name\":\"oreca\",\"@id\":\"https:\/\/www.oreca-store.com\/blog\/#\/schema\/person\/e45ad46aaa38db6cee67eca134f6f681\"},\"headline\":\"Calendriers &#8211; Rallyes France 2026\",\"datePublished\":\"2026-01-05T14:39:00+00:00\",\"dateModified\":\"2026-01-27T14:32:11+00:00\",\"mainEntityOfPage\":{\"@id\":\"https:\/\/www.oreca-store.com\/blog\/actualites\/competitions-cat\/calendrier-rallye-france-2026\/\"},\"wordCount\":807,\"commentCount\":0,\"publisher\":{\"@id\":\"https:\/\/www.oreca-store.com\/blog\/#organization\"},\"articleSection\":[\"Actualit\u00e9s\",\"Comp\u00e9titions\"],\"inLanguage\":\"fr-FR\",\"potentialAction\":[{\"@type\":\"CommentAction\",\"name\":\"Comment\",\"target\":[\"https:\/\/www.oreca-store.com\/blog\/actualites\/competitions-cat\/calendrier-rallye-france-2026\/#respond\"]}]},{\"@type\":\"WebPage\",\"@id\":\"https:\/\/www.oreca-store.com\/blog\/actualites\/competitions-cat\/calendrier-rallye-france-2026\/\",\"url\":\"https:\/\/www.oreca-store.com\/blog\/actualites\/competitions-cat\/calendrier-rallye-france-2026\/\",\"name\":\"Calendriers - Rallyes France 2026\",\"isPartOf\":{\"@id\":\"https:\/\/www.oreca-store.com\/blog\/#website\"},\"datePublished\":\"2026-01-05T14:39:00+00:00\",\"dateModified\":\"2026-01-27T14:32:11+00:00\",\"description\":\"En 2026, le calendrier des rallyes nationaux fran\u00e7ais se compose de cinq comp\u00e9titions avec en point d'orgue le Championnat de France des Rallyes.\",\"inLanguage\":\"fr-FR\",\"potentialAction\":[{\"@type\":\"ReadAction\",\"target\":[\"https:\/\/www.oreca-store.com\/blog\/actualites\/competitions-cat\/calendrier-rallye-france-2026\/\"]}]},{\"@type\":\"WebSite\",\"@id\":\"https:\/\/www.oreca-store.com\/blog\/#website\",\"url\":\"https:\/\/www.oreca-store.com\/blog\/\",\"name\":\"Blog ORECA STORE\",\"description\":\"\",\"publisher\":{\"@id\":\"https:\/\/www.oreca-store.com\/blog\/#organization\"},\"potentialAction\":[{\"@type\":\"SearchAction\",\"target\":{\"@type\":\"EntryPoint\",\"urlTemplate\":\"https:\/\/www.oreca-store.com\/blog\/?s={search_term_string}\"},\"query-input\":\"required name=search_term_string\"}],\"inLanguage\":\"fr-FR\"},{\"@type\":\"Organization\",\"@id\":\"https:\/\/www.oreca-store.com\/blog\/#organization\",\"name\":\"ORECA Store\",\"url\":\"https:\/\/www.oreca-store.com\/blog\/\",\"logo\":{\"@type\":\"ImageObject\",\"inLanguage\":\"fr-FR\",\"@id\":\"https:\/\/www.oreca-store.com\/blog\/#\/schema\/logo\/image\/\",\"url\":\"https:\/\/www.oreca-store.com\/blog\/wp-content\/uploads\/2025\/12\/Logo_ORECA_Store_BLOG.png\",\"contentUrl\":\"https:\/\/www.oreca-store.com\/blog\/wp-content\/uploads\/2025\/12\/Logo_ORECA_Store_BLOG.png\",\"caption\":\"ORECA Store\"},\"image\":{\"@id\":\"https:\/\/www.oreca-store.com\/blog\/#\/schema\/logo\/image\/\"}},{\"@type\":\"Person\",\"@id\":\"https:\/\/www.oreca-store.com\/blog\/#\/schema\/person\/e45ad46aaa38db6cee67eca134f6f681\",\"name\":\"oreca\",\"url\":\"https:\/\/www.oreca-store.com\/blog\/author\/oreca\/\"}]}<\/script>\n<!-- \/ Yoast SEO Premium plugin. -->","yoast_head_json":{"title":"Calendriers - Rallyes France 2026","description":"En 2026, le calendrier des rallyes nationaux fran\u00e7ais se compose de cinq comp\u00e9titions avec en point d'orgue le Championnat de France des Rallyes.","robots":{"index":"index","follow":"follow","max-snippet":"max-snippet:-1","max-image-preview":"max-image-preview:large","max-video-preview":"max-video-preview:-1"},"canonical":"https:\/\/www.oreca-store.com\/blog\/actualites\/competitions-cat\/calendrier-rallye-france-2026\/","og_locale":"fr_FR","og_type":"article","og_title":"Calendriers - Rallyes France 2026","og_description":"En 2026, le calendrier des rallyes nationaux fran\u00e7ais se compose de cinq comp\u00e9titions avec en point d'orgue le Championnat de France des Rallyes.","og_url":"https:\/\/www.oreca-store.com\/blog\/actualites\/competitions-cat\/calendrier-rallye-france-2026\/","og_site_name":"Le Blog ORECA Store","article_published_time":"2026-01-05T14:39:00+00:00","article_modified_time":"2026-01-27T14:32:11+00:00","og_image":[{"width":2560,"height":1707,"url":"https:\/\/www.oreca-store.com\/blog\/wp-content\/uploads\/2025\/12\/J.Galpin-J.Blateau-A110-RGT-CDF-25-83-scaled.jpg","type":"image\/jpeg"}],"author":"oreca","twitter_misc":{"\u00c9crit par":"oreca","Dur\u00e9e de lecture estim\u00e9e":"5 minutes"},"schema":{"@context":"https:\/\/schema.org","@graph":[{"@type":"Article","@id":"https:\/\/www.oreca-store.com\/blog\/actualites\/competitions-cat\/calendrier-rallye-france-2026\/#article","isPartOf":{"@id":"https:\/\/www.oreca-store.com\/blog\/actualites\/competitions-cat\/calendrier-rallye-france-2026\/"},"author":{"name":"oreca","@id":"https:\/\/www.oreca-store.com\/blog\/#\/schema\/person\/e45ad46aaa38db6cee67eca134f6f681"},"headline":"Calendriers &#8211; Rallyes France 2026","datePublished":"2026-01-05T14:39:00+00:00","dateModified":"2026-01-27T14:32:11+00:00","mainEntityOfPage":{"@id":"https:\/\/www.oreca-store.com\/blog\/actualites\/competitions-cat\/calendrier-rallye-france-2026\/"},"wordCount":807,"commentCount":0,"publisher":{"@id":"https:\/\/www.oreca-store.com\/blog\/#organization"},"articleSection":["Actualit\u00e9s","Comp\u00e9titions"],"inLanguage":"fr-FR","potentialAction":[{"@type":"CommentAction","name":"Comment","target":["https:\/\/www.oreca-store.com\/blog\/actualites\/competitions-cat\/calendrier-rallye-france-2026\/#respond"]}]},{"@type":"WebPage","@id":"https:\/\/www.oreca-store.com\/blog\/actualites\/competitions-cat\/calendrier-rallye-france-2026\/","url":"https:\/\/www.oreca-store.com\/blog\/actualites\/competitions-cat\/calendrier-rallye-france-2026\/","name":"Calendriers - Rallyes France 2026","isPartOf":{"@id":"https:\/\/www.oreca-store.com\/blog\/#website"},"datePublished":"2026-01-05T14:39:00+00:00","dateModified":"2026-01-27T14:32:11+00:00","description":"En 2026, le calendrier des rallyes nationaux fran\u00e7ais se compose de cinq comp\u00e9titions avec en point d'orgue le Championnat de France des Rallyes.","inLanguage":"fr-FR","potentialAction":[{"@type":"ReadAction","target":["https:\/\/www.oreca-store.com\/blog\/actualites\/competitions-cat\/calendrier-rallye-france-2026\/"]}]},{"@type":"WebSite","@id":"https:\/\/www.oreca-store.com\/blog\/#website","url":"https:\/\/www.oreca-store.com\/blog\/","name":"Blog ORECA STORE","description":"","publisher":{"@id":"https:\/\/www.oreca-store.com\/blog\/#organization"},"potentialAction":[{"@type":"SearchAction","target":{"@type":"EntryPoint","urlTemplate":"https:\/\/www.oreca-store.com\/blog\/?s={search_term_string}"},"query-input":"required name=search_term_string"}],"inLanguage":"fr-FR"},{"@type":"Organization","@id":"https:\/\/www.oreca-store.com\/blog\/#organization","name":"ORECA Store","url":"https:\/\/www.oreca-store.com\/blog\/","logo":{"@type":"ImageObject","inLanguage":"fr-FR","@id":"https:\/\/www.oreca-store.com\/blog\/#\/schema\/logo\/image\/","url":"https:\/\/www.oreca-store.com\/blog\/wp-content\/uploads\/2025\/12\/Logo_ORECA_Store_BLOG.png","contentUrl":"https:\/\/www.oreca-store.com\/blog\/wp-content\/uploads\/2025\/12\/Logo_ORECA_Store_BLOG.png","caption":"ORECA Store"},"image":{"@id":"https:\/\/www.oreca-store.com\/blog\/#\/schema\/logo\/image\/"}},{"@type":"Person","@id":"https:\/\/www.oreca-store.com\/blog\/#\/schema\/person\/e45ad46aaa38db6cee67eca134f6f681","name":"oreca","url":"https:\/\/www.oreca-store.com\/blog\/author\/oreca\/"}]}},"_links":{"self":[{"href":"https:\/\/www.oreca-store.com\/blog\/wp-json\/wp\/v2\/posts\/3441","targetHints":{"allow":["GET"]}}],"collection":[{"href":"https:\/\/www.oreca-store.com\/blog\/wp-json\/wp\/v2\/posts"}],"about":[{"href":"https:\/\/www.oreca-store.com\/blog\/wp-json\/wp\/v2\/types\/post"}],"author":[{"embeddable":true,"href":"https:\/\/www.oreca-store.com\/blog\/wp-json\/wp\/v2\/users\/3"}],"replies":[{"embeddable":true,"href":"https:\/\/www.oreca-store.com\/blog\/wp-json\/wp\/v2\/comments?post=3441"}],"version-history":[{"count":22,"href":"https:\/\/www.oreca-store.com\/blog\/wp-json\/wp\/v2\/posts\/3441\/revisions"}],"predecessor-version":[{"id":4009,"href":"https:\/\/www.oreca-store.com\/blog\/wp-json\/wp\/v2\/posts\/3441\/revisions\/4009"}],"wp:featuredmedia":[{"embeddable":true,"href":"https:\/\/www.oreca-store.com\/blog\/wp-json\/wp\/v2\/media\/3625"}],"wp:attachment":[{"href":"https:\/\/www.oreca-store.com\/blog\/wp-json\/wp\/v2\/media?parent=3441"}],"wp:term":[{"taxonomy":"category","embeddable":true,"href":"https:\/\/www.oreca-store.com\/blog\/wp-json\/wp\/v2\/categories?post=3441"},{"taxonomy":"post_tag","embeddable":true,"href":"https:\/\/www.oreca-store.com\/blog\/wp-json\/wp\/v2\/tags?post=3441"}],"curies":[{"name":"wp","href":"https:\/\/api.w.org\/{rel}","templated":true}]}}