{"id":1182,"date":"2015-11-03T09:32:38","date_gmt":"2015-11-03T08:32:38","guid":{"rendered":"https:\/\/www.oreca-store.com\/blog\/comment-alleger-sa-voiture-retirer-la-climatisation\/"},"modified":"2024-01-10T18:04:14","modified_gmt":"2024-01-10T17:04:14","slug":"comment-alleger-sa-voiture-retirer-la-climatisation","status":"publish","type":"post","link":"https:\/\/www.oreca-store.com\/blog\/tutoriels-cat\/comment-alleger-sa-voiture-retirer-la-climatisation\/","title":{"rendered":"Comment all\u00e9ger sa voiture ? Retirer la climatisation"},"content":{"rendered":"<h2>L\u2019all\u00e9gement constitue la premi\u00e8re \u00e9tape de la pr\u00e9paration d\u2019une auto.<\/h2>\n<p style=\"text-align: justify;\">C\u2019est une mani\u00e8re efficace d\u2019am\u00e9liorer les performances globales sans se ruiner (nous n\u2019incluons ici pas le remplacement de pi\u00e8ces lourdes par des \u00e9l\u00e9ments plus l\u00e9gers). Les kilos perdus vous permettront d\u2019acc\u00e9l\u00e9rer plus fort, de moins charger les freins et d\u2019am\u00e9liorer la man\u0153uvrabilit\u00e9 du ch\u00e2ssis.<\/p>\n<h2><strong>Retirer la climatisation de votre automobile<br \/><\/strong><\/h2>\n<p style=\"text-align: justify;\"><a href=\"https:\/\/www.oreca-store.com\/blog\/wp-content\/uploads\/2015\/11\/IMG_6016.jpg\"><img loading=\"lazy\" decoding=\"async\" class=\"alignleft wp-image-2869 size-medium\" src=\"https:\/\/www.oreca-store.com\/blog\/wp-content\/uploads\/2015\/11\/IMG_6016-300x200.jpg\" srcset=\"https:\/\/www.oreca-store.com\/blog\/wp-content\/uploads\/2015\/11\/IMG_6016-300x200.jpg 300w, https:\/\/www.oreca-store.com\/blog\/wp-content\/uploads\/2015\/11\/IMG_6016-640x426.jpg 640w, https:\/\/www.oreca-store.com\/blog\/wp-content\/uploads\/2015\/11\/IMG_6016-285x190.jpg 285w, https:\/\/www.oreca-store.com\/blog\/wp-content\/uploads\/2015\/11\/IMG_6016.jpg 650w\" alt=\"IMG_6016\" width=\"300\" height=\"200\" data-sizes=\"(max-width: 680px) 70vw, (max-width: 1199px) 40vw, (min-width: 1200px) 300px, 300px\" \/><\/a>B\u00eate noire des amateurs de circuit et de tous les amoureux de performance pure et dure, la climatisation est g\u00e9n\u00e9ralement le premier lest dont on se s\u00e9pare. Outre la perte de poids substantielle (la facture a \u00e9t\u00e9 r\u00e9duite de 24,4kg dans notre cas\u00a0!), sa suppression offre de nombreux autres avantages\u00a0: moins de puissance ponctionn\u00e9e au moteur (performance), une meilleur ventilation du radiateur d\u2019eau (fiabilit\u00e9), un compartiment \u00e9pur\u00e9 (esth\u00e9tique), etc. La place d\u00e9gag\u00e9e peut permettre par exemple d\u2019installer un kit turbo, ou encore de travailler son admission d\u2019air. La climatisation d\u2019une voiture fonctionne comme le r\u00e9frig\u00e9rateur \u00e0 la maison\u00a0: elle transforme l\u2019air chaud en air frais gr\u00e2ce \u00e0 un fluide frigorig\u00e8ne qui circule dans ses diff\u00e9rents organes. Celui-ci est comprim\u00e9 (compresseur) avant de passer dans le radiateur frontal (condenseur) afin d\u2019\u00eatre refroidi et liqu\u00e9fi\u00e9. Le liquide traverse ensuite une petite bouteille charg\u00e9e de filtrer les impuret\u00e9s et de r\u00e9cup\u00e9rer l\u2019humidit\u00e9 du circuit (d\u00e9shydrateur) puis atteint le d\u00e9tendeur. L\u00e0, il se vaporise dans un second radiateur (\u00e9vaporateur) situ\u00e9 sous le tableau de bord, absorbant ainsi une quantit\u00e9 de chaleur et ass\u00e9chant l\u2019habitacle.<\/p>\n<p style=\"text-align: justify;\"><span style=\"color: #ff6600;\"><strong>Pr\u00e9cautions<\/strong><\/span><\/p>\n<p style=\"text-align: justify;\">Le fluide frigorig\u00e8ne contenu dans le circuit de clim peut se trouver sous phase liquide, gazeuse ou les deux \u00e0 la fois en fonction de la temp\u00e9rature et de la pression de celui-ci (gazeux \u00e0 pression atmosph\u00e9rique et temp\u00e9rature ambiante). Il existe plusieurs types de fluides (CFC, HCFC et HFC) et tous contribuent \u00e0 la fois \u00e0 l&rsquo;effet de serre et \u00e0 la destruction de la couche d&rsquo;ozone. Lorsqu&rsquo;ils sont lib\u00e9r\u00e9s dans l&rsquo;atmosph\u00e8re, le chlore et le fluor contenus dans les mol\u00e9cules r\u00e9agissent chimiquement et d\u00e9truisent des mol\u00e9cules d&rsquo;ozone. Rappelons que la couche d&rsquo;ozone prot\u00e8ge du rayonnement U.V.B., n\u00e9faste pour la vie sur Terre (cancers de la peau, destruction du plancton marin\u2026). Pour cette raison, et tout simplement parce qu\u2019il est interdit par la loi de d\u00e9gazer \u00e0 l\u2019air libre une climatisation, il est n\u00e9cessaire de faire appel \u00e0 un professionnel (garagiste, plombier, chauffagiste ou climatiseur) pour vider son circuit. Ce sera donc la premi\u00e8re \u00e9tape de ce tutoriel!<\/p>\n<p style=\"text-align: justify;\"><strong>Nota bene<\/strong><\/p>\n<p style=\"text-align: justify;\">Contrairement aux mod\u00e8les destin\u00e9s au march\u00e9 fran\u00e7ais, notre Civic EF9 \u00ab\u00a0cobaye\u00a0\u00bb est \u00e9quip\u00e9e d\u2019une direction assist\u00e9e. Cela complique l\u00e9g\u00e8rement l\u2019ablation du compresseur, mais ne change en rien la mani\u00e8re de proc\u00e9der. Une clim d\u00e9mont\u00e9e dans les r\u00e8gles de l\u2019art peut tout \u00e0 fait \u00eatre r\u00e9install\u00e9e par la suite (ou revendue). Cela demande n\u00e9anmoins de d\u00e9monter de nombreuses pi\u00e8ces afin de ne pas endommager les \u00e9l\u00e9ments du circuit (durites rigides en alu notamment). Donc soyez m\u00e9thodique \ud83d\ude42<\/p>\n","protected":false},"excerpt":{"rendered":"<p>L\u2019all\u00e9gement constitue la premi\u00e8re \u00e9tape de la pr\u00e9paration d\u2019une auto. C\u2019est une mani\u00e8re efficace d\u2019am\u00e9liorer les performances globales sans se ruiner (nous n\u2019incluons ici pas le remplacement de pi\u00e8ces lourdes par des \u00e9l\u00e9ments plus l\u00e9gers). Les kilos perdus vous permettront d\u2019acc\u00e9l\u00e9rer plus fort, de moins charger les freins et d\u2019am\u00e9liorer la man\u0153uvrabilit\u00e9 du ch\u00e2ssis. Retirer [&hellip;]<\/p>\n","protected":false},"author":2,"featured_media":0,"comment_status":"open","ping_status":"open","sticky":false,"template":"","format":"standard","meta":{"_themeisle_gutenberg_block_has_review":false,"footnotes":""},"categories":[14,7],"tags":[],"class_list":["post-1182","post","type-post","status-publish","format-standard","hentry","category-moteur","category-tutoriels"],"acf":[],"yoast_head":"<!-- This site is optimized with the Yoast SEO Premium plugin v21.5 (Yoast SEO v21.5) - https:\/\/yoast.com\/wordpress\/plugins\/seo\/ -->\n<title>Comment all\u00e9ger sa voiture ? Retirer la climatisation<\/title>\n<meta name=\"description\" content=\"Comment all\u00e9ger sa voiture ? Retirer la climatisation\" \/>\n<meta name=\"robots\" content=\"index, follow, max-snippet:-1, max-image-preview:large, max-video-preview:-1\" \/>\n<link rel=\"canonical\" href=\"https:\/\/www.oreca-store.com\/blog\/tutoriels-cat\/comment-alleger-sa-voiture-retirer-la-climatisation\/\" \/>\n<meta property=\"og:locale\" content=\"fr_FR\" \/>\n<meta property=\"og:type\" content=\"article\" \/>\n<meta property=\"og:title\" content=\"Comment all\u00e9ger sa voiture ? Retirer la climatisation\" \/>\n<meta property=\"og:description\" content=\"Comment all\u00e9ger sa voiture ? Retirer la climatisation\" \/>\n<meta property=\"og:url\" content=\"https:\/\/www.oreca-store.com\/blog\/tutoriels-cat\/comment-alleger-sa-voiture-retirer-la-climatisation\/\" \/>\n<meta property=\"og:site_name\" content=\"Le Blog ORECA Store\" \/>\n<meta property=\"article:published_time\" content=\"2015-11-03T08:32:38+00:00\" \/>\n<meta property=\"article:modified_time\" content=\"2024-01-10T17:04:14+00:00\" \/>\n<meta property=\"og:image\" content=\"https:\/\/www.oreca-store.com\/blog\/wp-content\/uploads\/2015\/11\/IMG_6016-300x200.jpg\" \/>\n<meta name=\"author\" content=\"egio\" \/>\n<meta name=\"twitter:label1\" content=\"\u00c9crit par\" \/>\n\t<meta name=\"twitter:data1\" content=\"egio\" \/>\n\t<meta name=\"twitter:label2\" content=\"Dur\u00e9e de lecture estim\u00e9e\" \/>\n\t<meta name=\"twitter:data2\" content=\"3 minutes\" \/>\n<script type=\"application\/ld+json\" class=\"yoast-schema-graph\">{\"@context\":\"https:\/\/schema.org\",\"@graph\":[{\"@type\":\"Article\",\"@id\":\"https:\/\/www.oreca-store.com\/blog\/tutoriels-cat\/comment-alleger-sa-voiture-retirer-la-climatisation\/#article\",\"isPartOf\":{\"@id\":\"https:\/\/www.oreca-store.com\/blog\/tutoriels-cat\/comment-alleger-sa-voiture-retirer-la-climatisation\/\"},\"author\":{\"name\":\"egio\",\"@id\":\"https:\/\/www.oreca-store.com\/blog\/#\/schema\/person\/b1a5d7a54f140ef90a2f13889c4d3a7e\"},\"headline\":\"Comment all\u00e9ger sa voiture ? Retirer la climatisation\",\"datePublished\":\"2015-11-03T08:32:38+00:00\",\"dateModified\":\"2024-01-10T17:04:14+00:00\",\"mainEntityOfPage\":{\"@id\":\"https:\/\/www.oreca-store.com\/blog\/tutoriels-cat\/comment-alleger-sa-voiture-retirer-la-climatisation\/\"},\"wordCount\":574,\"commentCount\":1,\"publisher\":{\"@id\":\"https:\/\/www.oreca-store.com\/blog\/#organization\"},\"articleSection\":[\"Moteur\",\"Tutoriels\"],\"inLanguage\":\"fr-FR\",\"potentialAction\":[{\"@type\":\"CommentAction\",\"name\":\"Comment\",\"target\":[\"https:\/\/www.oreca-store.com\/blog\/tutoriels-cat\/comment-alleger-sa-voiture-retirer-la-climatisation\/#respond\"]}]},{\"@type\":\"WebPage\",\"@id\":\"https:\/\/www.oreca-store.com\/blog\/tutoriels-cat\/comment-alleger-sa-voiture-retirer-la-climatisation\/\",\"url\":\"https:\/\/www.oreca-store.com\/blog\/tutoriels-cat\/comment-alleger-sa-voiture-retirer-la-climatisation\/\",\"name\":\"Comment all\u00e9ger sa voiture ? Retirer la climatisation\",\"isPartOf\":{\"@id\":\"https:\/\/www.oreca-store.com\/blog\/#website\"},\"datePublished\":\"2015-11-03T08:32:38+00:00\",\"dateModified\":\"2024-01-10T17:04:14+00:00\",\"description\":\"Comment all\u00e9ger sa voiture ? Retirer la climatisation\",\"inLanguage\":\"fr-FR\",\"potentialAction\":[{\"@type\":\"ReadAction\",\"target\":[\"https:\/\/www.oreca-store.com\/blog\/tutoriels-cat\/comment-alleger-sa-voiture-retirer-la-climatisation\/\"]}]},{\"@type\":\"WebSite\",\"@id\":\"https:\/\/www.oreca-store.com\/blog\/#website\",\"url\":\"https:\/\/www.oreca-store.com\/blog\/\",\"name\":\"Blog ORECA STORE\",\"description\":\"\",\"publisher\":{\"@id\":\"https:\/\/www.oreca-store.com\/blog\/#organization\"},\"potentialAction\":[{\"@type\":\"SearchAction\",\"target\":{\"@type\":\"EntryPoint\",\"urlTemplate\":\"https:\/\/www.oreca-store.com\/blog\/?s={search_term_string}\"},\"query-input\":\"required name=search_term_string\"}],\"inLanguage\":\"fr-FR\"},{\"@type\":\"Organization\",\"@id\":\"https:\/\/www.oreca-store.com\/blog\/#organization\",\"name\":\"ORECA Store\",\"url\":\"https:\/\/www.oreca-store.com\/blog\/\",\"logo\":{\"@type\":\"ImageObject\",\"inLanguage\":\"fr-FR\",\"@id\":\"https:\/\/www.oreca-store.com\/blog\/#\/schema\/logo\/image\/\",\"url\":\"https:\/\/www.oreca-store.com\/blog\/wp-content\/uploads\/2025\/12\/Logo_ORECA_Store_BLOG.png\",\"contentUrl\":\"https:\/\/www.oreca-store.com\/blog\/wp-content\/uploads\/2025\/12\/Logo_ORECA_Store_BLOG.png\",\"caption\":\"ORECA Store\"},\"image\":{\"@id\":\"https:\/\/www.oreca-store.com\/blog\/#\/schema\/logo\/image\/\"}},{\"@type\":\"Person\",\"@id\":\"https:\/\/www.oreca-store.com\/blog\/#\/schema\/person\/b1a5d7a54f140ef90a2f13889c4d3a7e\",\"name\":\"egio\",\"url\":\"https:\/\/www.oreca-store.com\/blog\/author\/egio\/\"}]}<\/script>\n<!-- \/ Yoast SEO Premium plugin. -->","yoast_head_json":{"title":"Comment all\u00e9ger sa voiture ? Retirer la climatisation","description":"Comment all\u00e9ger sa voiture ? Retirer la climatisation","robots":{"index":"index","follow":"follow","max-snippet":"max-snippet:-1","max-image-preview":"max-image-preview:large","max-video-preview":"max-video-preview:-1"},"canonical":"https:\/\/www.oreca-store.com\/blog\/tutoriels-cat\/comment-alleger-sa-voiture-retirer-la-climatisation\/","og_locale":"fr_FR","og_type":"article","og_title":"Comment all\u00e9ger sa voiture ? Retirer la climatisation","og_description":"Comment all\u00e9ger sa voiture ? Retirer la climatisation","og_url":"https:\/\/www.oreca-store.com\/blog\/tutoriels-cat\/comment-alleger-sa-voiture-retirer-la-climatisation\/","og_site_name":"Le Blog ORECA Store","article_published_time":"2015-11-03T08:32:38+00:00","article_modified_time":"2024-01-10T17:04:14+00:00","og_image":[{"url":"https:\/\/www.oreca-store.com\/blog\/wp-content\/uploads\/2015\/11\/IMG_6016-300x200.jpg"}],"author":"egio","twitter_misc":{"\u00c9crit par":"egio","Dur\u00e9e de lecture estim\u00e9e":"3 minutes"},"schema":{"@context":"https:\/\/schema.org","@graph":[{"@type":"Article","@id":"https:\/\/www.oreca-store.com\/blog\/tutoriels-cat\/comment-alleger-sa-voiture-retirer-la-climatisation\/#article","isPartOf":{"@id":"https:\/\/www.oreca-store.com\/blog\/tutoriels-cat\/comment-alleger-sa-voiture-retirer-la-climatisation\/"},"author":{"name":"egio","@id":"https:\/\/www.oreca-store.com\/blog\/#\/schema\/person\/b1a5d7a54f140ef90a2f13889c4d3a7e"},"headline":"Comment all\u00e9ger sa voiture ? Retirer la climatisation","datePublished":"2015-11-03T08:32:38+00:00","dateModified":"2024-01-10T17:04:14+00:00","mainEntityOfPage":{"@id":"https:\/\/www.oreca-store.com\/blog\/tutoriels-cat\/comment-alleger-sa-voiture-retirer-la-climatisation\/"},"wordCount":574,"commentCount":1,"publisher":{"@id":"https:\/\/www.oreca-store.com\/blog\/#organization"},"articleSection":["Moteur","Tutoriels"],"inLanguage":"fr-FR","potentialAction":[{"@type":"CommentAction","name":"Comment","target":["https:\/\/www.oreca-store.com\/blog\/tutoriels-cat\/comment-alleger-sa-voiture-retirer-la-climatisation\/#respond"]}]},{"@type":"WebPage","@id":"https:\/\/www.oreca-store.com\/blog\/tutoriels-cat\/comment-alleger-sa-voiture-retirer-la-climatisation\/","url":"https:\/\/www.oreca-store.com\/blog\/tutoriels-cat\/comment-alleger-sa-voiture-retirer-la-climatisation\/","name":"Comment all\u00e9ger sa voiture ? Retirer la climatisation","isPartOf":{"@id":"https:\/\/www.oreca-store.com\/blog\/#website"},"datePublished":"2015-11-03T08:32:38+00:00","dateModified":"2024-01-10T17:04:14+00:00","description":"Comment all\u00e9ger sa voiture ? Retirer la climatisation","inLanguage":"fr-FR","potentialAction":[{"@type":"ReadAction","target":["https:\/\/www.oreca-store.com\/blog\/tutoriels-cat\/comment-alleger-sa-voiture-retirer-la-climatisation\/"]}]},{"@type":"WebSite","@id":"https:\/\/www.oreca-store.com\/blog\/#website","url":"https:\/\/www.oreca-store.com\/blog\/","name":"Blog ORECA STORE","description":"","publisher":{"@id":"https:\/\/www.oreca-store.com\/blog\/#organization"},"potentialAction":[{"@type":"SearchAction","target":{"@type":"EntryPoint","urlTemplate":"https:\/\/www.oreca-store.com\/blog\/?s={search_term_string}"},"query-input":"required name=search_term_string"}],"inLanguage":"fr-FR"},{"@type":"Organization","@id":"https:\/\/www.oreca-store.com\/blog\/#organization","name":"ORECA Store","url":"https:\/\/www.oreca-store.com\/blog\/","logo":{"@type":"ImageObject","inLanguage":"fr-FR","@id":"https:\/\/www.oreca-store.com\/blog\/#\/schema\/logo\/image\/","url":"https:\/\/www.oreca-store.com\/blog\/wp-content\/uploads\/2025\/12\/Logo_ORECA_Store_BLOG.png","contentUrl":"https:\/\/www.oreca-store.com\/blog\/wp-content\/uploads\/2025\/12\/Logo_ORECA_Store_BLOG.png","caption":"ORECA Store"},"image":{"@id":"https:\/\/www.oreca-store.com\/blog\/#\/schema\/logo\/image\/"}},{"@type":"Person","@id":"https:\/\/www.oreca-store.com\/blog\/#\/schema\/person\/b1a5d7a54f140ef90a2f13889c4d3a7e","name":"egio","url":"https:\/\/www.oreca-store.com\/blog\/author\/egio\/"}]}},"_links":{"self":[{"href":"https:\/\/www.oreca-store.com\/blog\/wp-json\/wp\/v2\/posts\/1182","targetHints":{"allow":["GET"]}}],"collection":[{"href":"https:\/\/www.oreca-store.com\/blog\/wp-json\/wp\/v2\/posts"}],"about":[{"href":"https:\/\/www.oreca-store.com\/blog\/wp-json\/wp\/v2\/types\/post"}],"author":[{"embeddable":true,"href":"https:\/\/www.oreca-store.com\/blog\/wp-json\/wp\/v2\/users\/2"}],"replies":[{"embeddable":true,"href":"https:\/\/www.oreca-store.com\/blog\/wp-json\/wp\/v2\/comments?post=1182"}],"version-history":[{"count":5,"href":"https:\/\/www.oreca-store.com\/blog\/wp-json\/wp\/v2\/posts\/1182\/revisions"}],"predecessor-version":[{"id":2896,"href":"https:\/\/www.oreca-store.com\/blog\/wp-json\/wp\/v2\/posts\/1182\/revisions\/2896"}],"wp:attachment":[{"href":"https:\/\/www.oreca-store.com\/blog\/wp-json\/wp\/v2\/media?parent=1182"}],"wp:term":[{"taxonomy":"category","embeddable":true,"href":"https:\/\/www.oreca-store.com\/blog\/wp-json\/wp\/v2\/categories?post=1182"},{"taxonomy":"post_tag","embeddable":true,"href":"https:\/\/www.oreca-store.com\/blog\/wp-json\/wp\/v2\/tags?post=1182"}],"curies":[{"name":"wp","href":"https:\/\/api.w.org\/{rel}","templated":true}]}}