{"id":1000,"date":"2026-02-01T14:13:00","date_gmt":"2026-02-01T13:13:00","guid":{"rendered":"https:\/\/www.oreca-store.com\/blog\/reglementation-extincteurs\/"},"modified":"2026-02-12T12:09:39","modified_gmt":"2026-02-12T11:09:39","slug":"reglementation-extincteurs-2026","status":"publish","type":"post","link":"https:\/\/www.oreca-store.com\/blog\/reglementations-cat\/reglementation-extincteurs-2026\/","title":{"rendered":"R\u00e9glementation extincteurs"},"content":{"rendered":"\n<p>En rallye, la s\u00e9curit\u00e9 incendie ne tol\u00e8re aucune approximation. Entre les <strong>normes FIA 8865-2015<\/strong> et les exigences sp\u00e9cifiques de la <strong>FFSA<\/strong> pour tous les Groupes (R, RGT, F2000, A et N), la conformit\u00e9 de votre syst\u00e8me d\u2019extinction est un imp\u00e9ratif technique autant qu&rsquo;une priorit\u00e9 absolue pour l&rsquo;\u00e9quipage.<\/p>\n\n\n\n<p><strong>Depuis le 1er janvier 2026, sur toutes les \u00e9preuves inscrites au calendrier FFSA, le carburant utilis\u00e9 devra \u00eatre d\u00e9clar\u00e9 lors des v\u00e9rifications techniques pr\u00e9liminaires.<\/strong><br><br><em>Cas particulier : v\u00e9hicules roulant au bio\u00e9thanol (E85)<\/em><br>\u2022 Installation obligatoire d\u2019un extincteur automatique sp\u00e9cifique \u201cfeu bio\u00e9thanol\u201d<br>\u2022 Application : \u00e0 compter du 1er janvier 2026<\/p>\n\n\n\n<p>Le syst\u00e8me doit \u00eatre utilis\u00e9 conform\u00e9ment aux instructions du fabricant et aux Listes Techniques n\u00b016 ou n\u00b052.<\/p>\n\n\n<p><strong><span style=\"color: #ff9900;\"><a href=\"https:\/\/www.oreca-store.com\/blog\/wp-content\/uploads\/2015\/04\/extincteur-2017.jpg\"><img loading=\"lazy\" decoding=\"async\" class=\"alignleft wp-image-4111 size-full\" src=\"https:\/\/www.oreca-store.com\/blog\/wp-content\/uploads\/2015\/04\/extincteur-2017.jpg\" srcset=\"https:\/\/www.oreca-store.com\/blog\/wp-content\/uploads\/2015\/04\/extincteur-2017-300x167.jpg 300w, https:\/\/www.oreca-store.com\/blog\/wp-content\/uploads\/2015\/04\/extincteur-2017-341x190.jpg 341w, https:\/\/www.oreca-store.com\/blog\/wp-content\/uploads\/2015\/04\/extincteur-2017.jpg 404w\" alt=\"extincteur-2017\" width=\"404\" height=\"225\" data-sizes=\"(max-width: 680px) 70vw, (max-width: 1199px) 40vw, (min-width: 1200px) 404px, 404px\" \/><\/a><span style=\"color: #000080;\"><a style=\"color: #000080;\" href=\"https:\/\/www.oreca-store.com\/vehicule\/habitacle\/extincteur-auto\/extincteurs-automatiques.html\"><span style=\"text-decoration: underline;\">SYST\u00c8MES AUTOMATIQUES<\/span><\/a><\/span><\/span><\/strong><\/p>\n<p>Chaque voiture doit \u00eatre \u00e9quip\u00e9e d&rsquo;un syst\u00e8me d&rsquo;extinction conforme \u00e0 la Norme FIA des Syst\u00e8mes d&rsquo;Extinction plomb\u00e9s embarqu\u00e9s dans les Voitures de Course (1999) ou \u00e0 la Norme FIA 8865-2015<\/p>\n<\/p>\n<p><strong>En rallye, la quantit\u00e9 minimale d&rsquo;agent extincteur des syst\u00e8mes de la Liste Technique n\u00b016 doit \u00eatre de 3kg. <\/strong><\/p>\n<p>Elle doit \u00eatre fix\u00e9e par un minimum de 2 sangles m\u00e9talliques verrouill\u00e9es par vissage et le syst\u00e8me de fixation doit \u00eatre capable de r\u00e9sister \u00e0 une d\u00e9c\u00e9l\u00e9ration de 25G. <\/p>\n<p>Des arr\u00eatoirs anti-torpille sont requis. Le mat\u00e9riau du syst\u00e8me de fixation doit pouvoir \u00eatre utilis\u00e9 dans la plage de temp\u00e9ratures -15\u00b0C \u00e0 +80\u00b0C. Tout le syst\u00e8me d&rsquo;extinction doit r\u00e9sister au feu. <\/p>\n<p>Les canalisations en plastique <strong>sont interdites<\/strong> et les canalisations en m\u00e9tal <strong>obligatoires<\/strong> (sauf indication contraire)<\/p>\n<p><strong><a href=\"https:\/\/www.oreca-store.com\/blog\/wp-content\/uploads\/2015\/04\/Bracket.jpg\"><img loading=\"lazy\" decoding=\"async\" class=\"alignleft wp-image-4112 size-full\" src=\"https:\/\/www.oreca-store.com\/blog\/wp-content\/uploads\/2015\/04\/Bracket.jpg\" srcset=\"https:\/\/www.oreca-store.com\/blog\/wp-content\/uploads\/2015\/04\/Bracket-248x153.jpg 248w, https:\/\/www.oreca-store.com\/blog\/wp-content\/uploads\/2015\/04\/Bracket.jpg 250w\" alt=\"Bracket\" width=\"250\" height=\"153\" data-sizes=\"(max-width: 680px) 70vw, (max-width: 1199px) 40vw, (min-width: 1200px) 250px, 250px\" \/><\/a><u>Homologation Extincteur<\/u>\u00a0: Syst\u00e8me automatique<\/strong><\/p>\n<p>Les <span style=\"text-decoration: underline;\">arr\u00eatoirs anti-torpille sont obligatoires depuis le 01\/01\/2017<\/span> dans toutes les \u00e9preuves<\/p>\n<\/p>\n<p><span style=\"color: #ff9900;\">Emplacement\/fixation :<\/span><\/p>\n<ul>\n<li>Bonbonnes prot\u00e9g\u00e9es de fa\u00e7on ad\u00e9quate.<\/li>\n<li>Fixation par 2 sangles m\u00e9talliques verrouill\u00e9es par vissage et r\u00e9sistant \u00e0 une d\u00e9c\u00e9l\u00e9ration de 25 G.<\/li>\n<li>Le pilote (et le copilote si applicable) assis et attach\u00e9 normalement, doit pouvoir d\u00e9clencher manuellement le syst\u00e8me d\u2019extinction.<\/li>\n<li>Le syst\u00e8me d\u2019activation \u00e9lectrique (bo\u00eetier \u00e9lectrique) doit \u00eatre install\u00e9 dans une position o\u00f9 les voyants lumineux sont visibles pour un officiel de la comp\u00e9tition sans d\u00e9monter aucun \u00e9l\u00e9ment du v\u00e9hicule, quand le\/ les occupant(s) est\/ sont assis normalement. Il n\u2019est pas permis d\u2019installer le bo\u00eetier \u00e9lectrique sous les si\u00e8ges.<\/li>\n<li>Un dispositif de d\u00e9clenchement ext\u00e9rieur doit \u00eatre combin\u00e9 avec l&rsquo;interrupteur de coupe-circuit. Il doit \u00eatre marqu\u00e9 de la lettre \u00ab\u00a0E\u00a0\u00bb en rouge \u00e0 l&rsquo;int\u00e9rieur d&rsquo;un cercle blanc \u00e0 bordure rouge, d&rsquo;un diam\u00e8tre minimal de 10 cm.<\/li>\n<li>Les canalisations en plastique <strong>sont interdites<\/strong> et les canalisations en m\u00e9tal <strong>obligatoires<\/strong> (sauf indication contraire)<\/li>\n<li>Pour les voitures de type WRC, l\u2019activation de l\u2019extincteur \u00e0 l\u2019int\u00e9rieur ou \u00e0 l\u2019ext\u00e9rieur doit obligatoirement entra\u00eener la coupure du moteur et de la batterie.<\/li>\n<li>Les buses des extincteurs doivent \u00eatre adapt\u00e9s \u00e0 l&rsquo;agent extincteur et doivent \u00eatre install\u00e9s de fa\u00e7on \u00e0 ne pas \u00eatre point\u00e9s directement dans la direction de la t\u00eate des occupants.<\/li>\n<\/ul>\n<p>\n\n<div class=\"wp-block-image\">\n<figure class=\"aligncenter size-large is-resized\"><img loading=\"lazy\" decoding=\"async\" width=\"1024\" height=\"384\" src=\"https:\/\/www.oreca-store.com\/blog\/wp-content\/uploads\/2025\/12\/extincteurs-1024x384.jpg\" alt=\"\" class=\"wp-image-3813\" style=\"width:660px;height:auto\" srcset=\"https:\/\/www.oreca-store.com\/blog\/wp-content\/uploads\/2025\/12\/extincteurs-1024x384.jpg 1024w, https:\/\/www.oreca-store.com\/blog\/wp-content\/uploads\/2025\/12\/extincteurs-300x113.jpg 300w, https:\/\/www.oreca-store.com\/blog\/wp-content\/uploads\/2025\/12\/extincteurs-768x288.jpg 768w, https:\/\/www.oreca-store.com\/blog\/wp-content\/uploads\/2025\/12\/extincteurs-1536x576.jpg 1536w, https:\/\/www.oreca-store.com\/blog\/wp-content\/uploads\/2025\/12\/extincteurs.jpg 2000w\" sizes=\"auto, (max-width: 1024px) 100vw, 1024px\" \/><\/figure>\n<\/div>\n\n<p><!-- \/wp:post-content --><\/p>\n<p><span style=\"color: #ff9900;\"><strong><a href=\"https:\/\/www.oreca-store.com\/blog\/wp-content\/uploads\/2015\/04\/extincteur-poudre.jpg\"><img loading=\"lazy\" decoding=\"async\" class=\"alignleft size-medium wp-image-985\" src=\"https:\/\/www.oreca-store.com\/blog\/wp-content\/uploads\/2015\/04\/extincteur-poudre-300x282.jpg\" alt=\"extincteur-poudre\" width=\"300\" height=\"282\" \/><\/a><span style=\"color: #000080;\"><a style=\"color: #000080;\" href=\"http:\/\/oreca-store.com\/vehicule\/habitacle\/extincteur-auto\/extincteurs-automatiques.html\"><span style=\"text-decoration: underline;\">EXTINCTEURS MANUELS<\/span><\/a><\/span><\/strong><\/span><\/p>\n<p>Chaque voiture doit \u00eatre \u00e9quip\u00e9e d&rsquo;un ou de deux extincteurs conformes au tableau ci-dessous, ou conformes \u00e0 la Norme FIA 8865-2015<\/p>\n<\/p>\n<\/p>\n<p><strong><!-- wp:table {\"hasFixedLayout\":false,\"className\":\"is-style-stripes\"} --><\/strong><\/p>\n<figure class=\"wp-block-table is-style-stripes\">\n<table style=\"width: 98.928%;\">\n<tbody>\n<tr>\n<td class=\"has-text-align-left\" style=\"width: 30.0938%; text-align: center;\" data-align=\"left\"><strong>Agents extincteurs autoris\u00e9s<\/strong><\/td>\n<td class=\"has-text-align-center\" style=\"width: 22.5207%; text-align: center;\" data-align=\"center\"><strong>Quantit\u00e9 minimale<\/strong><\/td>\n<td class=\"has-text-align-center\" style=\"width: 46.6311%; text-align: center;\" data-align=\"center\"><strong>Pressurisation<\/strong><\/td>\n<\/tr>\n<tr>\n<td class=\"has-text-align-left\" style=\"width: 30.0938%; text-align: center;\" data-align=\"left\">AFFF<\/td>\n<td class=\"has-text-align-center\" style=\"width: 22.5207%; text-align: center;\" data-align=\"center\">2,4 L<\/td>\n<td class=\"has-text-align-center\" style=\"width: 46.6311%; text-align: center;\" data-align=\"center\">\n<p>Conform\u00e9ment aux instructions du fabricant<\/p>\n<\/td>\n<\/tr>\n<tr>\n<td class=\"has-text-align-left\" style=\"width: 30.0938%; text-align: center;\" data-align=\"left\">FX G-TEC<\/td>\n<td class=\"has-text-align-center\" style=\"width: 22.5207%; text-align: center;\" data-align=\"center\">2 kg<\/td>\n<td class=\"has-text-align-center\" style=\"width: 46.6311%; text-align: center;\" data-align=\"center\">Conform\u00e9ment aux instructions du fabricant<\/td>\n<\/tr>\n<tr>\n<td style=\"width: 30.0938%; text-align: center;\">Viro3<\/td>\n<td style=\"width: 22.5207%; text-align: center;\">2 kg<\/td>\n<td style=\"width: 46.6311%; text-align: center;\">Conform\u00e9ment aux instructions du fabricant<\/td>\n<\/tr>\n<tr>\n<td style=\"width: 30.0938%; text-align: center;\">Zero 360<\/td>\n<td style=\"width: 22.5207%; text-align: center;\">2 kg<\/td>\n<td style=\"width: 46.6311%; text-align: center;\">Conform\u00e9ment aux instructions du fabricant<\/td>\n<\/tr>\n<tr>\n<td style=\"width: 30.0938%; text-align: center;\">Poudre<\/td>\n<td style=\"width: 22.5207%; text-align: center;\">2 kg<\/td>\n<td style=\"width: 46.6311%; text-align: center;\">Mini : 8 bars \/ Maxi : 13,5 bars<\/td>\n<\/tr>\n<\/tbody>\n<\/table>\n<\/figure>\n<p><span style=\"text-decoration: underline;\"><strong><span style=\"color: #ff9900; text-decoration: underline;\">V\u00e9rification de l\u2019extincteur :<\/span><\/strong><\/span><\/p>\n<p>2 ans apr\u00e8s la date de fabrication ou de r\u00e9vision de l&rsquo;extincteur<br \/>Pour la r\u00e9vision de votre extincteur, vous pouvez directement nous contacter (www.oreca-store.com)<\/p>\n<p><strong><span style=\"color: #ff9900;\">Emplacement\/fixation :<\/span><\/strong><\/p>\n<ul>\n<li>Bonbonnes prot\u00e9g\u00e9es de fa\u00e7on ad\u00e9quate.<\/li>\n<li>Fixations r\u00e9sistantes \u00e0 une d\u00e9c\u00e9l\u00e9ration de 25 G.<\/li>\n<li>Au minimum deux fermetures m\u00e9talliques \u00e0 d\u00e9gagement rapide avec sangles m\u00e9talliques.<\/li>\n<li>Extincteurs facilement accessibles au pilote et au copilote.<\/li>\n<\/ul>\n<p><strong><em>La goupille de l&rsquo;extincteur doit \u00eatre retir\u00e9e d\u00e8s la sortie du parc ferm\u00e9, sous peine de p\u00e9nalit\u00e9s ou de disqualification de l&rsquo;\u00e9preuve.<\/em><\/strong><\/p>\n<p><em> <a href=\"https:\/\/www.oreca-store.com\/vehicule\/habitacle\/extincteur-auto\/extincteurs-automatiques.html\"><img loading=\"lazy\" decoding=\"async\" class=\"wp-image-3813 aligncenter\" src=\"https:\/\/www.oreca-store.com\/blog\/wp-content\/uploads\/2025\/12\/extincteurs-1024x384.jpg\" alt=\"\" width=\"488\" height=\"183\" srcset=\"https:\/\/www.oreca-store.com\/blog\/wp-content\/uploads\/2025\/12\/extincteurs-1024x384.jpg 1024w, https:\/\/www.oreca-store.com\/blog\/wp-content\/uploads\/2025\/12\/extincteurs-300x113.jpg 300w, https:\/\/www.oreca-store.com\/blog\/wp-content\/uploads\/2025\/12\/extincteurs-768x288.jpg 768w, https:\/\/www.oreca-store.com\/blog\/wp-content\/uploads\/2025\/12\/extincteurs-1536x576.jpg 1536w, https:\/\/www.oreca-store.com\/blog\/wp-content\/uploads\/2025\/12\/extincteurs.jpg 2000w\" sizes=\"auto, (max-width: 488px) 100vw, 488px\" \/><\/a><\/em><\/p>","protected":false},"excerpt":{"rendered":"<p>En rallye, la s\u00e9curit\u00e9 incendie ne tol\u00e8re aucune approximation. Entre les normes FIA 8865-2015 et les exigences sp\u00e9cifiques de la FFSA pour tous les Groupes (R, RGT, F2000, A et N), la conformit\u00e9 de votre syst\u00e8me d\u2019extinction est un imp\u00e9ratif technique autant qu&rsquo;une priorit\u00e9 absolue pour l&rsquo;\u00e9quipage. Depuis le 1er janvier 2026, sur toutes les [&hellip;]<\/p>\n","protected":false},"author":2,"featured_media":4065,"comment_status":"open","ping_status":"open","sticky":false,"template":"","format":"standard","meta":{"_themeisle_gutenberg_block_has_review":false,"footnotes":""},"categories":[19,20,17],"tags":[],"class_list":["post-1000","post","type-post","status-publish","format-standard","has-post-thumbnail","hentry","category-circuit","category-rallye","category-reglementations"],"acf":[],"yoast_head":"<!-- This site is optimized with the Yoast SEO Premium plugin v21.5 (Yoast SEO v21.5) - https:\/\/yoast.com\/wordpress\/plugins\/seo\/ -->\n<title>R\u00e9glementation extincteurs rallye 2026<\/title>\n<meta name=\"description\" content=\"Explications d\u00e9taill\u00e9es des normes en vigueur mises en place par la FIA concernant les extincteurs dans les voitures de comp\u00e9tition.\" \/>\n<meta name=\"robots\" content=\"index, follow, max-snippet:-1, max-image-preview:large, max-video-preview:-1\" \/>\n<link rel=\"canonical\" href=\"https:\/\/www.oreca-store.com\/blog\/reglementations-cat\/reglementation-extincteurs-2026\/\" \/>\n<meta property=\"og:locale\" content=\"fr_FR\" \/>\n<meta property=\"og:type\" content=\"article\" \/>\n<meta property=\"og:title\" content=\"R\u00e9glementation extincteurs rallye 2026\" \/>\n<meta property=\"og:description\" content=\"Explications d\u00e9taill\u00e9es des normes en vigueur mises en place par la FIA concernant les extincteurs dans les voitures de comp\u00e9tition.\" \/>\n<meta property=\"og:url\" content=\"https:\/\/www.oreca-store.com\/blog\/reglementations-cat\/reglementation-extincteurs-2026\/\" \/>\n<meta property=\"og:site_name\" content=\"Le Blog ORECA Store\" \/>\n<meta property=\"article:published_time\" content=\"2026-02-01T13:13:00+00:00\" \/>\n<meta property=\"article:modified_time\" content=\"2026-02-12T11:09:39+00:00\" \/>\n<meta property=\"og:image\" content=\"https:\/\/www.oreca-store.com\/blog\/wp-content\/uploads\/2026\/02\/rally2extincteur.jpg\" \/>\n\t<meta property=\"og:image:width\" content=\"2560\" \/>\n\t<meta property=\"og:image:height\" content=\"1700\" \/>\n\t<meta property=\"og:image:type\" content=\"image\/jpeg\" \/>\n<meta name=\"author\" content=\"egio\" \/>\n<meta name=\"twitter:label1\" content=\"\u00c9crit par\" \/>\n\t<meta name=\"twitter:data1\" content=\"egio\" \/>\n\t<meta name=\"twitter:label2\" content=\"Dur\u00e9e de lecture estim\u00e9e\" \/>\n\t<meta name=\"twitter:data2\" content=\"5 minutes\" \/>\n<script type=\"application\/ld+json\" class=\"yoast-schema-graph\">{\"@context\":\"https:\/\/schema.org\",\"@graph\":[{\"@type\":\"Article\",\"@id\":\"https:\/\/www.oreca-store.com\/blog\/reglementations-cat\/reglementation-extincteurs-2026\/#article\",\"isPartOf\":{\"@id\":\"https:\/\/www.oreca-store.com\/blog\/reglementations-cat\/reglementation-extincteurs-2026\/\"},\"author\":{\"name\":\"egio\",\"@id\":\"https:\/\/www.oreca-store.com\/blog\/#\/schema\/person\/b1a5d7a54f140ef90a2f13889c4d3a7e\"},\"headline\":\"R\u00e9glementation extincteurs\",\"datePublished\":\"2026-02-01T13:13:00+00:00\",\"dateModified\":\"2026-02-12T11:09:39+00:00\",\"mainEntityOfPage\":{\"@id\":\"https:\/\/www.oreca-store.com\/blog\/reglementations-cat\/reglementation-extincteurs-2026\/\"},\"wordCount\":698,\"commentCount\":6,\"publisher\":{\"@id\":\"https:\/\/www.oreca-store.com\/blog\/#organization\"},\"articleSection\":[\"Circuit\",\"Rallye\",\"R\u00e9glementation\"],\"inLanguage\":\"fr-FR\",\"potentialAction\":[{\"@type\":\"CommentAction\",\"name\":\"Comment\",\"target\":[\"https:\/\/www.oreca-store.com\/blog\/reglementations-cat\/reglementation-extincteurs-2026\/#respond\"]}]},{\"@type\":\"WebPage\",\"@id\":\"https:\/\/www.oreca-store.com\/blog\/reglementations-cat\/reglementation-extincteurs-2026\/\",\"url\":\"https:\/\/www.oreca-store.com\/blog\/reglementations-cat\/reglementation-extincteurs-2026\/\",\"name\":\"R\u00e9glementation extincteurs rallye 2026\",\"isPartOf\":{\"@id\":\"https:\/\/www.oreca-store.com\/blog\/#website\"},\"datePublished\":\"2026-02-01T13:13:00+00:00\",\"dateModified\":\"2026-02-12T11:09:39+00:00\",\"description\":\"Explications d\u00e9taill\u00e9es des normes en vigueur mises en place par la FIA concernant les extincteurs dans les voitures de comp\u00e9tition.\",\"inLanguage\":\"fr-FR\",\"potentialAction\":[{\"@type\":\"ReadAction\",\"target\":[\"https:\/\/www.oreca-store.com\/blog\/reglementations-cat\/reglementation-extincteurs-2026\/\"]}]},{\"@type\":\"WebSite\",\"@id\":\"https:\/\/www.oreca-store.com\/blog\/#website\",\"url\":\"https:\/\/www.oreca-store.com\/blog\/\",\"name\":\"Blog ORECA STORE\",\"description\":\"\",\"publisher\":{\"@id\":\"https:\/\/www.oreca-store.com\/blog\/#organization\"},\"potentialAction\":[{\"@type\":\"SearchAction\",\"target\":{\"@type\":\"EntryPoint\",\"urlTemplate\":\"https:\/\/www.oreca-store.com\/blog\/?s={search_term_string}\"},\"query-input\":\"required name=search_term_string\"}],\"inLanguage\":\"fr-FR\"},{\"@type\":\"Organization\",\"@id\":\"https:\/\/www.oreca-store.com\/blog\/#organization\",\"name\":\"ORECA Store\",\"url\":\"https:\/\/www.oreca-store.com\/blog\/\",\"logo\":{\"@type\":\"ImageObject\",\"inLanguage\":\"fr-FR\",\"@id\":\"https:\/\/www.oreca-store.com\/blog\/#\/schema\/logo\/image\/\",\"url\":\"https:\/\/www.oreca-store.com\/blog\/wp-content\/uploads\/2025\/12\/Logo_ORECA_Store_BLOG.png\",\"contentUrl\":\"https:\/\/www.oreca-store.com\/blog\/wp-content\/uploads\/2025\/12\/Logo_ORECA_Store_BLOG.png\",\"caption\":\"ORECA Store\"},\"image\":{\"@id\":\"https:\/\/www.oreca-store.com\/blog\/#\/schema\/logo\/image\/\"}},{\"@type\":\"Person\",\"@id\":\"https:\/\/www.oreca-store.com\/blog\/#\/schema\/person\/b1a5d7a54f140ef90a2f13889c4d3a7e\",\"name\":\"egio\",\"url\":\"https:\/\/www.oreca-store.com\/blog\/author\/egio\/\"}]}<\/script>\n<!-- \/ Yoast SEO Premium plugin. -->","yoast_head_json":{"title":"R\u00e9glementation extincteurs rallye 2026","description":"Explications d\u00e9taill\u00e9es des normes en vigueur mises en place par la FIA concernant les extincteurs dans les voitures de comp\u00e9tition.","robots":{"index":"index","follow":"follow","max-snippet":"max-snippet:-1","max-image-preview":"max-image-preview:large","max-video-preview":"max-video-preview:-1"},"canonical":"https:\/\/www.oreca-store.com\/blog\/reglementations-cat\/reglementation-extincteurs-2026\/","og_locale":"fr_FR","og_type":"article","og_title":"R\u00e9glementation extincteurs rallye 2026","og_description":"Explications d\u00e9taill\u00e9es des normes en vigueur mises en place par la FIA concernant les extincteurs dans les voitures de comp\u00e9tition.","og_url":"https:\/\/www.oreca-store.com\/blog\/reglementations-cat\/reglementation-extincteurs-2026\/","og_site_name":"Le Blog ORECA Store","article_published_time":"2026-02-01T13:13:00+00:00","article_modified_time":"2026-02-12T11:09:39+00:00","og_image":[{"width":2560,"height":1700,"url":"https:\/\/www.oreca-store.com\/blog\/wp-content\/uploads\/2026\/02\/rally2extincteur.jpg","type":"image\/jpeg"}],"author":"egio","twitter_misc":{"\u00c9crit par":"egio","Dur\u00e9e de lecture estim\u00e9e":"5 minutes"},"schema":{"@context":"https:\/\/schema.org","@graph":[{"@type":"Article","@id":"https:\/\/www.oreca-store.com\/blog\/reglementations-cat\/reglementation-extincteurs-2026\/#article","isPartOf":{"@id":"https:\/\/www.oreca-store.com\/blog\/reglementations-cat\/reglementation-extincteurs-2026\/"},"author":{"name":"egio","@id":"https:\/\/www.oreca-store.com\/blog\/#\/schema\/person\/b1a5d7a54f140ef90a2f13889c4d3a7e"},"headline":"R\u00e9glementation extincteurs","datePublished":"2026-02-01T13:13:00+00:00","dateModified":"2026-02-12T11:09:39+00:00","mainEntityOfPage":{"@id":"https:\/\/www.oreca-store.com\/blog\/reglementations-cat\/reglementation-extincteurs-2026\/"},"wordCount":698,"commentCount":6,"publisher":{"@id":"https:\/\/www.oreca-store.com\/blog\/#organization"},"articleSection":["Circuit","Rallye","R\u00e9glementation"],"inLanguage":"fr-FR","potentialAction":[{"@type":"CommentAction","name":"Comment","target":["https:\/\/www.oreca-store.com\/blog\/reglementations-cat\/reglementation-extincteurs-2026\/#respond"]}]},{"@type":"WebPage","@id":"https:\/\/www.oreca-store.com\/blog\/reglementations-cat\/reglementation-extincteurs-2026\/","url":"https:\/\/www.oreca-store.com\/blog\/reglementations-cat\/reglementation-extincteurs-2026\/","name":"R\u00e9glementation extincteurs rallye 2026","isPartOf":{"@id":"https:\/\/www.oreca-store.com\/blog\/#website"},"datePublished":"2026-02-01T13:13:00+00:00","dateModified":"2026-02-12T11:09:39+00:00","description":"Explications d\u00e9taill\u00e9es des normes en vigueur mises en place par la FIA concernant les extincteurs dans les voitures de comp\u00e9tition.","inLanguage":"fr-FR","potentialAction":[{"@type":"ReadAction","target":["https:\/\/www.oreca-store.com\/blog\/reglementations-cat\/reglementation-extincteurs-2026\/"]}]},{"@type":"WebSite","@id":"https:\/\/www.oreca-store.com\/blog\/#website","url":"https:\/\/www.oreca-store.com\/blog\/","name":"Blog ORECA STORE","description":"","publisher":{"@id":"https:\/\/www.oreca-store.com\/blog\/#organization"},"potentialAction":[{"@type":"SearchAction","target":{"@type":"EntryPoint","urlTemplate":"https:\/\/www.oreca-store.com\/blog\/?s={search_term_string}"},"query-input":"required name=search_term_string"}],"inLanguage":"fr-FR"},{"@type":"Organization","@id":"https:\/\/www.oreca-store.com\/blog\/#organization","name":"ORECA Store","url":"https:\/\/www.oreca-store.com\/blog\/","logo":{"@type":"ImageObject","inLanguage":"fr-FR","@id":"https:\/\/www.oreca-store.com\/blog\/#\/schema\/logo\/image\/","url":"https:\/\/www.oreca-store.com\/blog\/wp-content\/uploads\/2025\/12\/Logo_ORECA_Store_BLOG.png","contentUrl":"https:\/\/www.oreca-store.com\/blog\/wp-content\/uploads\/2025\/12\/Logo_ORECA_Store_BLOG.png","caption":"ORECA Store"},"image":{"@id":"https:\/\/www.oreca-store.com\/blog\/#\/schema\/logo\/image\/"}},{"@type":"Person","@id":"https:\/\/www.oreca-store.com\/blog\/#\/schema\/person\/b1a5d7a54f140ef90a2f13889c4d3a7e","name":"egio","url":"https:\/\/www.oreca-store.com\/blog\/author\/egio\/"}]}},"_links":{"self":[{"href":"https:\/\/www.oreca-store.com\/blog\/wp-json\/wp\/v2\/posts\/1000","targetHints":{"allow":["GET"]}}],"collection":[{"href":"https:\/\/www.oreca-store.com\/blog\/wp-json\/wp\/v2\/posts"}],"about":[{"href":"https:\/\/www.oreca-store.com\/blog\/wp-json\/wp\/v2\/types\/post"}],"author":[{"embeddable":true,"href":"https:\/\/www.oreca-store.com\/blog\/wp-json\/wp\/v2\/users\/2"}],"replies":[{"embeddable":true,"href":"https:\/\/www.oreca-store.com\/blog\/wp-json\/wp\/v2\/comments?post=1000"}],"version-history":[{"count":8,"href":"https:\/\/www.oreca-store.com\/blog\/wp-json\/wp\/v2\/posts\/1000\/revisions"}],"predecessor-version":[{"id":4068,"href":"https:\/\/www.oreca-store.com\/blog\/wp-json\/wp\/v2\/posts\/1000\/revisions\/4068"}],"wp:featuredmedia":[{"embeddable":true,"href":"https:\/\/www.oreca-store.com\/blog\/wp-json\/wp\/v2\/media\/4065"}],"wp:attachment":[{"href":"https:\/\/www.oreca-store.com\/blog\/wp-json\/wp\/v2\/media?parent=1000"}],"wp:term":[{"taxonomy":"category","embeddable":true,"href":"https:\/\/www.oreca-store.com\/blog\/wp-json\/wp\/v2\/categories?post=1000"},{"taxonomy":"post_tag","embeddable":true,"href":"https:\/\/www.oreca-store.com\/blog\/wp-json\/wp\/v2\/tags?post=1000"}],"curies":[{"name":"wp","href":"https:\/\/api.w.org\/{rel}","templated":true}]}}